{"id":81350,"date":"2022-04-22T18:30:44","date_gmt":"2022-04-22T18:30:44","guid":{"rendered":"https:\/\/sertv.gob.pa\/nacionalfm\/?p=81350"},"modified":"2022-04-22T18:30:44","modified_gmt":"2022-04-22T18:30:44","slug":"detenidos-mas-de-15-000-pandilleros-en-27-dias-de-estado-de-excepcion-en-el-salvador","status":"publish","type":"post","link":"https:\/\/sertv.gob.pa\/nacionalfm\/detenidos-mas-de-15-000-pandilleros-en-27-dias-de-estado-de-excepcion-en-el-salvador\/","title":{"rendered":"Detenidos m\u00e1s de 15.000 pandilleros en 27 d\u00edas de estado de excepci\u00f3n en El Salvador"},"content":{"rendered":"<p><strong><em>MADRID, (EUROPA PRESS) \u2013<\/em><\/strong><\/p>\n<p><strong><em>\u00a0<\/em><\/strong><\/p>\n<p>La Polic\u00eda de El Salvador ha informado este viernes de que m\u00e1s de 15.000 pandilleros han sido detenidos desde que comenz\u00f3 el estado de excepci\u00f3n para combatir la ola de asesinatos en el pa\u00eds centroamericano, impuesto hace 27 d\u00edas.<\/p>\n<p>A trav\u00e9s de su cuenta de la red social Twitter, la Polic\u00eda ha concretado que se trata de 15.055 en total, despu\u00e9s de la detenci\u00f3n de otros 484 \u00abterroristas\u00bb el jueves en todo el pa\u00eds.<\/p>\n<p>El presidente, Nayib Bukele, se ha congratulado de la cifra y tambi\u00e9n ha calificado a los pandilleros de \u00abterroristas\u00bb. \u00abSeguimos\u00bb, ha garantizado en un mensaje publicado en la citada red social y acompa\u00f1ado con la etiqueta \u00abGuerra contra las pandillas\u00bb.<\/p>\n<p>La Asamblea Legislativa aprob\u00f3 hace 27 d\u00edas la entrada en vigor durante 30 d\u00edas del r\u00e9gimen de excepci\u00f3n en todo el pa\u00eds para combatir la ola de homicidios, que el s\u00e1bado dej\u00f3 m\u00e1s de 60 muertos. La ola de cr\u00edmenes ha ido en ascenso desde principios de a\u00f1o y el presidente, Nayib Bukele, ha prometido atajarla de ra\u00edz.<\/p>\n<p>Durante 30 d\u00edas, el Gobierno salvadore\u00f1o queda capacitado para suspender ciertas libertades y garant\u00edas para facilitar despliegue de militares y polic\u00edas en las calles y en los municipios donde ocurrieron estos homicidios.<\/p>\n<p>Human Rights Watch (HRW) o la Comisi\u00f3n Interamericana de Derechos Humanos (CIDH) han manifestado su preocupaci\u00f3n por la imposici\u00f3n del estado de excepci\u00f3n en El Salvador, a lo que Bukele ha respondido que estas organizaciones \u00abdefienden a los pandilleros\u00bb. Mientras, Naciones Unidas ha mostrado asimismo preocupaci\u00f3n por la ola de homicidios en el pa\u00eds centroamericano.<\/p>\n<p>&nbsp;<\/p>\n<p>Fuente: EUROPA PRESS<\/p>\n","protected":false},"excerpt":{"rendered":"<p>MADRID, (EUROPA PRESS) \u2013 \u00a0 La Polic\u00eda de El Salvador <a href=\"https:\/\/sertv.gob.pa\/nacionalfm\/detenidos-mas-de-15-000-pandilleros-en-27-dias-de-estado-de-excepcion-en-el-salvador\/\"> [&#8230;]<\/a><\/p>\n","protected":false},"author":9,"featured_media":81351,"comment_status":"closed","ping_status":"closed","sticky":false,"template":"","format":"standard","meta":{"footnotes":""},"categories":[3],"tags":[],"class_list":["post-81350","post","type-post","status-publish","format-standard","has-post-thumbnail","hentry","category-internacionales"],"_links":{"self":[{"href":"https:\/\/sertv.gob.pa\/nacionalfm\/wp-json\/wp\/v2\/posts\/81350","targetHints":{"allow":["GET"]}}],"collection":[{"href":"https:\/\/sertv.gob.pa\/nacionalfm\/wp-json\/wp\/v2\/posts"}],"about":[{"href":"https:\/\/sertv.gob.pa\/nacionalfm\/wp-json\/wp\/v2\/types\/post"}],"author":[{"embeddable":true,"href":"https:\/\/sertv.gob.pa\/nacionalfm\/wp-json\/wp\/v2\/users\/9"}],"replies":[{"embeddable":true,"href":"https:\/\/sertv.gob.pa\/nacionalfm\/wp-json\/wp\/v2\/comments?post=81350"}],"version-history":[{"count":1,"href":"https:\/\/sertv.gob.pa\/nacionalfm\/wp-json\/wp\/v2\/posts\/81350\/revisions"}],"predecessor-version":[{"id":81353,"href":"https:\/\/sertv.gob.pa\/nacionalfm\/wp-json\/wp\/v2\/posts\/81350\/revisions\/81353"}],"wp:featuredmedia":[{"embeddable":true,"href":"https:\/\/sertv.gob.pa\/nacionalfm\/wp-json\/wp\/v2\/media\/81351"}],"wp:attachment":[{"href":"https:\/\/sertv.gob.pa\/nacionalfm\/wp-json\/wp\/v2\/media?parent=81350"}],"wp:term":[{"taxonomy":"category","embeddable":true,"href":"https:\/\/sertv.gob.pa\/nacionalfm\/wp-json\/wp\/v2\/categories?post=81350"},{"taxonomy":"post_tag","embeddable":true,"href":"https:\/\/sertv.gob.pa\/nacionalfm\/wp-json\/wp\/v2\/tags?post=81350"}],"curies":[{"name":"wp","href":"https:\/\/api.w.org\/{rel}","templated":true}]}}