{"id":81354,"date":"2022-04-22T18:57:30","date_gmt":"2022-04-22T18:57:30","guid":{"rendered":"https:\/\/sertv.gob.pa\/nacionalfm\/?p=81354"},"modified":"2022-04-22T18:57:30","modified_gmt":"2022-04-22T18:57:30","slug":"ucrania-insiste-en-que-continua-la-amenaza-de-ataques-aereos-desde-bielorrusia","status":"publish","type":"post","link":"https:\/\/sertv.gob.pa\/nacionalfm\/ucrania-insiste-en-que-continua-la-amenaza-de-ataques-aereos-desde-bielorrusia\/","title":{"rendered":"Ucrania insiste en que contin\u00faa \u00abla amenaza\u00bb de ataques a\u00e9reos desde Bielorrusia"},"content":{"rendered":"<p><strong><em>\u00a0<\/em><\/strong><strong><em>MADRID, (EUROPA PRESS) &#8211;<\/em><\/strong><\/p>\n<p>&nbsp;<\/p>\n<p>El Estado Mayor General de las Fuerzas Armadas de Ucrania ha insistido este viernes en que \u00abel enemigo sigue liderando una agresi\u00f3n armada a gran escala\u00bb y que esta una vez m\u00e1s, est\u00e1 siendo dirigida tambi\u00e9n desde el otro lado de la frontera de Bielorrusia, donde persiste \u00abla amenaza\u00bb de ataques a\u00e9reos.<\/p>\n<p>\u00abHay un aumento en los sistemas de radio inteligencia y guerra electr\u00f3nica en las zonas fronterizas de Ucrania con la regi\u00f3n bielorrusa de Gomel\u00bb, se\u00f1ala el comunicado del Estado Mayor, que informa sobre puestos establecidos por Minsk para interferir en las comunicaciones en torno a otras regiones lim\u00edtrofes.<\/p>\n<p>Asimismo, \u00abel oponente ha llevado a cabo entrenamiento de fuerzas adicionales y equipos de defensa a\u00e9rea\u00bb, por lo que \u00abpersiste la amenaza de ataques con misiles contra objetivos de la infraestructura civil y militar de Ucrania desde el territorio de la Rep\u00fablica de Bielorrusia\u00bb, insiste el comunicado.<\/p>\n<p>\u00abEl reagrupamiento de las tropas enemigas contin\u00faa\u00bb, han se\u00f1alado las autoridades ucranianas, mencionando, entre otros casos, el bloqueo parcial de la ciudad de J\u00e1rkov, o bombardeos a la ciudad de Mari\u00fapol.<\/p>\n<p>&nbsp;<\/p>\n<p>Fuente: EUROPA PRESS<\/p>\n","protected":false},"excerpt":{"rendered":"<p>\u00a0MADRID, (EUROPA PRESS) &#8211; &nbsp; El Estado Mayor General de <a href=\"https:\/\/sertv.gob.pa\/nacionalfm\/ucrania-insiste-en-que-continua-la-amenaza-de-ataques-aereos-desde-bielorrusia\/\"> [&#8230;]<\/a><\/p>\n","protected":false},"author":9,"featured_media":81355,"comment_status":"closed","ping_status":"closed","sticky":false,"template":"","format":"standard","meta":{"footnotes":""},"categories":[3],"tags":[],"class_list":["post-81354","post","type-post","status-publish","format-standard","has-post-thumbnail","hentry","category-internacionales"],"_links":{"self":[{"href":"https:\/\/sertv.gob.pa\/nacionalfm\/wp-json\/wp\/v2\/posts\/81354","targetHints":{"allow":["GET"]}}],"collection":[{"href":"https:\/\/sertv.gob.pa\/nacionalfm\/wp-json\/wp\/v2\/posts"}],"about":[{"href":"https:\/\/sertv.gob.pa\/nacionalfm\/wp-json\/wp\/v2\/types\/post"}],"author":[{"embeddable":true,"href":"https:\/\/sertv.gob.pa\/nacionalfm\/wp-json\/wp\/v2\/users\/9"}],"replies":[{"embeddable":true,"href":"https:\/\/sertv.gob.pa\/nacionalfm\/wp-json\/wp\/v2\/comments?post=81354"}],"version-history":[{"count":1,"href":"https:\/\/sertv.gob.pa\/nacionalfm\/wp-json\/wp\/v2\/posts\/81354\/revisions"}],"predecessor-version":[{"id":81356,"href":"https:\/\/sertv.gob.pa\/nacionalfm\/wp-json\/wp\/v2\/posts\/81354\/revisions\/81356"}],"wp:featuredmedia":[{"embeddable":true,"href":"https:\/\/sertv.gob.pa\/nacionalfm\/wp-json\/wp\/v2\/media\/81355"}],"wp:attachment":[{"href":"https:\/\/sertv.gob.pa\/nacionalfm\/wp-json\/wp\/v2\/media?parent=81354"}],"wp:term":[{"taxonomy":"category","embeddable":true,"href":"https:\/\/sertv.gob.pa\/nacionalfm\/wp-json\/wp\/v2\/categories?post=81354"},{"taxonomy":"post_tag","embeddable":true,"href":"https:\/\/sertv.gob.pa\/nacionalfm\/wp-json\/wp\/v2\/tags?post=81354"}],"curies":[{"name":"wp","href":"https:\/\/api.w.org\/{rel}","templated":true}]}}