{"id":81381,"date":"2022-04-25T15:03:45","date_gmt":"2022-04-25T15:03:45","guid":{"rendered":"https:\/\/sertv.gob.pa\/nacionalfm\/?p=81381"},"modified":"2022-04-25T15:03:45","modified_gmt":"2022-04-25T15:03:45","slug":"santenos-reciben-mas-de-b-7-millones-en-beneficios-en-gira-de-trabajo-comunitario","status":"publish","type":"post","link":"https:\/\/sertv.gob.pa\/nacionalfm\/santenos-reciben-mas-de-b-7-millones-en-beneficios-en-gira-de-trabajo-comunitario\/","title":{"rendered":"Sante\u00f1os reciben m\u00e1s de B\/. 7 millones en beneficios en Gira de Trabajo Comunitario"},"content":{"rendered":"<ul>\n<li><strong>El presidente de la Rep\u00fablica Laurentino Cortizo Cohen inform\u00f3 que evaluar\u00e1 el trabajo de las juntas t\u00e9cnicas con los gobernadores.<\/strong><\/li>\n<li><strong>Se entreg\u00f3 la orden de proceder para la rehabilitaci\u00f3n de 36.64 kil\u00f3metros de caminos de producci\u00f3n, por m\u00e1s de B\/.5 millones.<\/strong><\/li>\n<\/ul>\n<p>Los Santos<\/p>\n<p>&nbsp;<\/p>\n<p>Los residentes de Azuero, recientemente recibieron B\/. 7,188,881.10 en beneficios que fueron entregados en la Gira de Trabajo Comunitario (GTC), en el circuito 7-2 de la provincia de Los Santos, en la que se inaugur\u00f3 un puente vehicular, se otorgaron m\u00e1s de 90 sementales y se llev\u00f3 a cabo el lanzamiento del Plan Nacional de Lectura.<\/p>\n<p>Junto a ministros de Estado y directores de entidades p\u00fablicas, el presidente de la Rep\u00fablica de Panam\u00e1, Laurentino Cortizo Cohen, encabez\u00f3 la GTC en el circuito 7-2, como parte del Plan Colmena que est\u00e1 sentando las bases para reducir la pobreza y la desigualdad en 300 corregimientos de las \u00e1reas m\u00e1s vulnerables de Panam\u00e1. \u201cEstamos aqu\u00ed para servir, les puedo asegurar que las 101 Giras en 34 meses de gobierno, han sido superiores a los \u00faltimos dos gobiernos\u201d, dijo el presidente.<\/p>\n<p>Pr\u00f3ximo a cumplir 3 a\u00f1os de gobierno, el jefe del Ejecutivo, anunci\u00f3 que, el venidero 28 de mayo, har\u00e1 una evaluaci\u00f3n de las juntas t\u00e9cnicas con todos los gobernadores del pa\u00eds.\u00a0 \u201cObviamente voy a hacer algunos ajustes, por supuesto que s\u00ed, pero todav\u00eda nos queda poco m\u00e1s de dos a\u00f1os por delante\u201d, expres\u00f3 el gobernante.<\/p>\n<p><strong>INAUGURAN PUENTE VEHICULAR Y ENTREGAN SEMENTALES<\/strong><\/p>\n<p>Con una inversi\u00f3n de B\/.169,172.75, el presidente Cortizo Cohen, junto al ministro de Obras P\u00fablicas, Rafael Sabonge, inaugur\u00f3 el puente vehicular sobre Quebrada Honda que beneficia a unos 5 mil habitantes de las comunidades de Los \u00c1ngeles de Botello, La Espigadilla, Santa Ana y Sabana Grande.<\/p>\n<p>El puente vehicular, es de gran ayuda para los residentes del lugar que, en su mayor\u00eda, se dedican a actividades agr\u00edcolas, ganaderas, comerciales y educativas.<\/p>\n<p>En tanto, 92 peque\u00f1os productores sante\u00f1os recibieron sementales de razas Brahman y zardo y pasto mejorado, que fueron entregados por el mandatario junto al titular del Ministerio de Desarrollo Agropecuario (MIDA), Augusto Valderrama, en la Subasta Ganadera de Espinal, como parte del programa \u201cUn Mejor Semental\u201d.<\/p>\n<p>\u201cEs la mayor cantidad de sementales que entregamos en una Gira de Trabajo Comunitario, queremos seguir otorgando m\u00e1s. Disfruten la cr\u00eda de un gran semental\u201d, dijo Cortizo Cohen.<\/p>\n<p><strong>PLAN NACIONAL DE LECTURA<\/strong><\/p>\n<p>En la Escuela Las Guabas, se hizo el lanzamiento oficial del Plan Nacional de Lectura, una iniciativa del Ministerio de Educaci\u00f3n (MEDUCA), orientada a formar lectores desde la educaci\u00f3n inicial para que comprendan lo que leen y tomen lo valioso y pertinente para sus actividades.<\/p>\n<p>Junto a la ministra de Educaci\u00f3n, Maruja Gorday de Villalobos, el presidente Cortizo Cohen, particip\u00f3 del lanzamiento del Plan Nacional de Lectura, para el que se distribuyeron m\u00e1s de 12,600 cajas del programa Bibliotecas de Aulas en todo el territorio nacional.<\/p>\n<p>Con una inversi\u00f3n de B\/.2,000,000.00, esta iniciativa impacta positivamente a 396,000 estudiantes y m\u00e1s de 23,000 docentes de todo el pa\u00eds.<\/p>\n<p><strong>AYUDAS SOCIALES Y BECAS A ESTUDIANTES<\/strong><\/p>\n<p>17 instituciones p\u00fablicas participaron de la entrega de beneficios que se realiz\u00f3 en la cancha de Gu\u00e1simo.<\/p>\n<p>El Ministerio de Desarrollo Social (MIDES), otorg\u00f3 13 certificados del programa de Alfabetizaci\u00f3n; y el Instituto para la Formaci\u00f3n y Aprovechamiento de los Recursos Humanos (IFARHU), hizo entrega de becas, tabletas y \u201claptops\u201d a 22 estudiantes universitarios del programa Transformando Vidas.<\/p>\n<p>Adem\u00e1s, el Instituto Nacional de Formaci\u00f3n Profesional y Capacitaci\u00f3n para el Desarrollo Humano (INADEH), entreg\u00f3 20 certificados de culminaci\u00f3n de cursos.<\/p>\n<p><strong>ORDEN DE PROCEDER PARA CAMINOS DE PRODUCCI\u00d3N<\/strong><\/p>\n<p>Junto al ministro Sabonge, el gobernante, entreg\u00f3 a la empresa Riga Services, S.A. la orden de proceder para la rehabilitaci\u00f3n de 36.64 kil\u00f3metros de caminos de producci\u00f3n en la provincia de Los Santos.<\/p>\n<p>La inversi\u00f3n de esta obra, para beneficio de una poblaci\u00f3n de m\u00e1s de 25 mil habitantes, es de B\/.5,069,520.00.\u00a0 El proyecto, tendr\u00e1 un per\u00edodo de ejecuci\u00f3n estimado de 540 d\u00edas calendario.<\/p>\n<p>Por su parte, el Ministerio de Trabajo y Desarrollo Laboral (MITRADEL), gestion\u00f3 la firma de 16 contratos de inserci\u00f3n laboral, y el Ministerio de Vivienda y Ordenamiento Territorial (MIVIOT), entreg\u00f3 37 soluciones habitacionales.<\/p>\n<p>Acompa\u00f1aron al presidente Cortizo Cohen en la GTC del circuito 7-2, los ministros Mar\u00eda In\u00e9s Castillo (Desarrollo Social), Maruja Gorday de Villalobos (Educaci\u00f3n), Giselle Gonz\u00e1lez Villarru\u00e9 (Cultura), Doris Zapata (Trabajo y Desarrollo Laboral), Rafael Sabonge (Obras P\u00fablicas), Rogelio Paredes (Vivienda y Ordenamiento Territorial), Augusto Valderrama (Desarrollo Agropecuario) e Ivette Berrio (encargada de Salud). \u00a0Tambi\u00e9n, el gobernador de Los Santos, Rub\u00e9n Villarreal; viceministros, directores de entidades p\u00fablicas, diputados y representantes de corregimiento.<\/p>\n<p>&nbsp;<\/p>\n<p>Fuente: Presidencia de la Rep\u00fablica de Panam\u00e1<\/p>\n<p>&nbsp;<\/p>\n","protected":false},"excerpt":{"rendered":"<p>El presidente de la Rep\u00fablica Laurentino Cortizo Cohen inform\u00f3 que <a href=\"https:\/\/sertv.gob.pa\/nacionalfm\/santenos-reciben-mas-de-b-7-millones-en-beneficios-en-gira-de-trabajo-comunitario\/\"> [&#8230;]<\/a><\/p>\n","protected":false},"author":9,"featured_media":81382,"comment_status":"closed","ping_status":"closed","sticky":false,"template":"","format":"standard","meta":{"footnotes":""},"categories":[1],"tags":[],"class_list":["post-81381","post","type-post","status-publish","format-standard","has-post-thumbnail","hentry","category-sin-categoria"],"_links":{"self":[{"href":"https:\/\/sertv.gob.pa\/nacionalfm\/wp-json\/wp\/v2\/posts\/81381","targetHints":{"allow":["GET"]}}],"collection":[{"href":"https:\/\/sertv.gob.pa\/nacionalfm\/wp-json\/wp\/v2\/posts"}],"about":[{"href":"https:\/\/sertv.gob.pa\/nacionalfm\/wp-json\/wp\/v2\/types\/post"}],"author":[{"embeddable":true,"href":"https:\/\/sertv.gob.pa\/nacionalfm\/wp-json\/wp\/v2\/users\/9"}],"replies":[{"embeddable":true,"href":"https:\/\/sertv.gob.pa\/nacionalfm\/wp-json\/wp\/v2\/comments?post=81381"}],"version-history":[{"count":1,"href":"https:\/\/sertv.gob.pa\/nacionalfm\/wp-json\/wp\/v2\/posts\/81381\/revisions"}],"predecessor-version":[{"id":81386,"href":"https:\/\/sertv.gob.pa\/nacionalfm\/wp-json\/wp\/v2\/posts\/81381\/revisions\/81386"}],"wp:featuredmedia":[{"embeddable":true,"href":"https:\/\/sertv.gob.pa\/nacionalfm\/wp-json\/wp\/v2\/media\/81382"}],"wp:attachment":[{"href":"https:\/\/sertv.gob.pa\/nacionalfm\/wp-json\/wp\/v2\/media?parent=81381"}],"wp:term":[{"taxonomy":"category","embeddable":true,"href":"https:\/\/sertv.gob.pa\/nacionalfm\/wp-json\/wp\/v2\/categories?post=81381"},{"taxonomy":"post_tag","embeddable":true,"href":"https:\/\/sertv.gob.pa\/nacionalfm\/wp-json\/wp\/v2\/tags?post=81381"}],"curies":[{"name":"wp","href":"https:\/\/api.w.org\/{rel}","templated":true}]}}