{"id":81410,"date":"2022-04-25T18:44:10","date_gmt":"2022-04-25T18:44:10","guid":{"rendered":"https:\/\/sertv.gob.pa\/nacionalfm\/?p=81410"},"modified":"2022-04-25T18:44:10","modified_gmt":"2022-04-25T18:44:10","slug":"mas-de-17-000-pandilleros-detenidos-en-los-30-primeros-dias-del-estado-de-excepcion-en-el-salvador","status":"publish","type":"post","link":"https:\/\/sertv.gob.pa\/nacionalfm\/mas-de-17-000-pandilleros-detenidos-en-los-30-primeros-dias-del-estado-de-excepcion-en-el-salvador\/","title":{"rendered":"M\u00e1s de 17.000 pandilleros detenidos en los 30 primeros d\u00edas del estado de excepci\u00f3n en El Salvador"},"content":{"rendered":"<p><strong><em>MADRID, (EUROPA PRESS) &#8211;<\/em><\/strong><\/p>\n<p>&nbsp;<\/p>\n<p>La Polic\u00eda de El Salvador ha detenido a un total de 17.143 pandilleros desde el comienzo del estado de excepci\u00f3n para combatir la ola de asesinatos en el pa\u00eds centroamericano, impuesto a finales de marzo y reci\u00e9n ampliado.<\/p>\n<p>A trav\u00e9s de su cuenta en la red social Twitter, la Polic\u00eda salvadore\u00f1a ha informado de que el domingo los agentes detuvieron a 1.090 pandilleros. El presidente de El Salvador, Nayib Bukele, se ha hecho eco de la cifra en la red social y ha garantizado continuar con la llamada \u00abguerra contra las pandillas\u00bb.<\/p>\n<p>La Asamblea Legislativa de El Salvador aprob\u00f3 el domingo la ampliaci\u00f3n del estado de excepci\u00f3n declarado para combatir a las pandillas despu\u00e9s de una petici\u00f3n por parte Bukele, por lo que la medida estar\u00e1 vigente 30 d\u00edas m\u00e1s.<\/p>\n<p>Durante este periodo, el Gobierno salvadore\u00f1o queda capacitado para suspender ciertas libertades y garant\u00edas para facilitar despliegue de militares y polic\u00edas en las calles y en los municipios donde ocurrieron estos homicidios.<\/p>\n<p>Human Rights Watch (HRW) o la Comisi\u00f3n Interamericana de Derechos Humanos (CIDH) han manifestado su preocupaci\u00f3n por la imposici\u00f3n del estado de excepci\u00f3n en El Salvador, a lo que Bukele ha respondido que estas organizaciones \u00abdefienden a los pandilleros\u00bb. Mientras, Naciones Unidas ha mostrado asimismo preocupaci\u00f3n por la ola de homicidios en el pa\u00eds centroamericano.<\/p>\n<p>&nbsp;<\/p>\n<p>Fuente: EUROPA PRESS<\/p>\n<p>&nbsp;<\/p>\n","protected":false},"excerpt":{"rendered":"<p>MADRID, (EUROPA PRESS) &#8211; &nbsp; La Polic\u00eda de El Salvador <a href=\"https:\/\/sertv.gob.pa\/nacionalfm\/mas-de-17-000-pandilleros-detenidos-en-los-30-primeros-dias-del-estado-de-excepcion-en-el-salvador\/\"> [&#8230;]<\/a><\/p>\n","protected":false},"author":9,"featured_media":81411,"comment_status":"closed","ping_status":"closed","sticky":false,"template":"","format":"standard","meta":{"footnotes":""},"categories":[3],"tags":[],"class_list":["post-81410","post","type-post","status-publish","format-standard","has-post-thumbnail","hentry","category-internacionales"],"_links":{"self":[{"href":"https:\/\/sertv.gob.pa\/nacionalfm\/wp-json\/wp\/v2\/posts\/81410","targetHints":{"allow":["GET"]}}],"collection":[{"href":"https:\/\/sertv.gob.pa\/nacionalfm\/wp-json\/wp\/v2\/posts"}],"about":[{"href":"https:\/\/sertv.gob.pa\/nacionalfm\/wp-json\/wp\/v2\/types\/post"}],"author":[{"embeddable":true,"href":"https:\/\/sertv.gob.pa\/nacionalfm\/wp-json\/wp\/v2\/users\/9"}],"replies":[{"embeddable":true,"href":"https:\/\/sertv.gob.pa\/nacionalfm\/wp-json\/wp\/v2\/comments?post=81410"}],"version-history":[{"count":1,"href":"https:\/\/sertv.gob.pa\/nacionalfm\/wp-json\/wp\/v2\/posts\/81410\/revisions"}],"predecessor-version":[{"id":81412,"href":"https:\/\/sertv.gob.pa\/nacionalfm\/wp-json\/wp\/v2\/posts\/81410\/revisions\/81412"}],"wp:featuredmedia":[{"embeddable":true,"href":"https:\/\/sertv.gob.pa\/nacionalfm\/wp-json\/wp\/v2\/media\/81411"}],"wp:attachment":[{"href":"https:\/\/sertv.gob.pa\/nacionalfm\/wp-json\/wp\/v2\/media?parent=81410"}],"wp:term":[{"taxonomy":"category","embeddable":true,"href":"https:\/\/sertv.gob.pa\/nacionalfm\/wp-json\/wp\/v2\/categories?post=81410"},{"taxonomy":"post_tag","embeddable":true,"href":"https:\/\/sertv.gob.pa\/nacionalfm\/wp-json\/wp\/v2\/tags?post=81410"}],"curies":[{"name":"wp","href":"https:\/\/api.w.org\/{rel}","templated":true}]}}