{"id":81413,"date":"2022-04-25T19:12:41","date_gmt":"2022-04-25T19:12:41","guid":{"rendered":"https:\/\/sertv.gob.pa\/nacionalfm\/?p=81413"},"modified":"2022-04-25T19:12:41","modified_gmt":"2022-04-25T19:12:41","slug":"guterres-y-erdogan-reafirman-su-objetivo-de-detener-la-guerra-en-ucrania-lo-antes-posible","status":"publish","type":"post","link":"https:\/\/sertv.gob.pa\/nacionalfm\/guterres-y-erdogan-reafirman-su-objetivo-de-detener-la-guerra-en-ucrania-lo-antes-posible\/","title":{"rendered":"Guterres y Erdogan reafirman su \u00abobjetivo\u00bb de detener la guerra en Ucrania \u00ablo antes posible\u00bb"},"content":{"rendered":"<p>El secretario general de la ONU, Ant\u00f3nio Guterres, y el presidente de Turqu\u00eda, Recep Tayyip Erdogan, han reafirmado este lunes su \u00abobjetivo\u00bb de detener la guerra en Ucrania \u00ablo antes posible\u00bb.<\/p>\n<p>Guterres y Erdogan se han reunido en la capital turca, Ankara, antes de que el secretario general de la OTAN viaje a Mosc\u00fa y Kiev para encontrarse con los l\u00edderes de Rusia y Ucrania, Vladimir Putin y Volodimir Zelenski, respectivamente.<\/p>\n<p>En un comunicado, Naciones Unidas ha detallado que Guterres ha expresado su \u00abapoyo\u00bb a los esfuerzos diplom\u00e1ticos emprendidos por Ankara en el marco de la invasi\u00f3n y han coincidido en su intenci\u00f3n de \u00abcrear las condiciones\u00bb necesarias para acabar con el sufrimiento de los civiles.<\/p>\n<p>Adem\u00e1s, ambos han subrayado la \u00aburgente necesidad\u00bb de que se abran corredores humanitarios para la evacuaci\u00f3n de civiles y para que la \u00abnecesaria asistencia\u00bb para las comunidades afectadas por el conflicto llegue de forma efectiva.<\/p>\n<p>Guterres y Erdogan han discutido el impacto de la guerra de Ucrania en un abanico de asuntos regionales y globales, como la energ\u00eda, los alimentos y la econom\u00eda. Adem\u00e1s, han acordado permanecer en contacto.<\/p>\n<p>Turqu\u00eda est\u00e1 ejerciendo como mediador entre las partes en el conflicto en Ucrania. A principios de marzo, acogi\u00f3 un encuentro entre los ministros de Exteriores de Ucrania y Rusia, Dimitro Kuleba y Sergei Lavrov, respectivamente.<\/p>\n<p>Este papel de interlocutor de Ankara ha sido aplaudido por el propio secretario general de la ONU, que en una llamada telef\u00f3nica el pasado 14 de marzo agradeci\u00f3 a Erdogan su papel en la b\u00fasqueda de la paz entre Rusia y Ucrania.<\/p>\n<p>&nbsp;<\/p>\n<p>Fuente: EUROPA PRESS<\/p>\n<p>&nbsp;<\/p>\n","protected":false},"excerpt":{"rendered":"<p>El secretario general de la ONU, Ant\u00f3nio Guterres, y el <a href=\"https:\/\/sertv.gob.pa\/nacionalfm\/guterres-y-erdogan-reafirman-su-objetivo-de-detener-la-guerra-en-ucrania-lo-antes-posible\/\"> [&#8230;]<\/a><\/p>\n","protected":false},"author":9,"featured_media":81414,"comment_status":"closed","ping_status":"closed","sticky":false,"template":"","format":"standard","meta":{"footnotes":""},"categories":[3],"tags":[],"class_list":["post-81413","post","type-post","status-publish","format-standard","has-post-thumbnail","hentry","category-internacionales"],"_links":{"self":[{"href":"https:\/\/sertv.gob.pa\/nacionalfm\/wp-json\/wp\/v2\/posts\/81413","targetHints":{"allow":["GET"]}}],"collection":[{"href":"https:\/\/sertv.gob.pa\/nacionalfm\/wp-json\/wp\/v2\/posts"}],"about":[{"href":"https:\/\/sertv.gob.pa\/nacionalfm\/wp-json\/wp\/v2\/types\/post"}],"author":[{"embeddable":true,"href":"https:\/\/sertv.gob.pa\/nacionalfm\/wp-json\/wp\/v2\/users\/9"}],"replies":[{"embeddable":true,"href":"https:\/\/sertv.gob.pa\/nacionalfm\/wp-json\/wp\/v2\/comments?post=81413"}],"version-history":[{"count":1,"href":"https:\/\/sertv.gob.pa\/nacionalfm\/wp-json\/wp\/v2\/posts\/81413\/revisions"}],"predecessor-version":[{"id":81416,"href":"https:\/\/sertv.gob.pa\/nacionalfm\/wp-json\/wp\/v2\/posts\/81413\/revisions\/81416"}],"wp:featuredmedia":[{"embeddable":true,"href":"https:\/\/sertv.gob.pa\/nacionalfm\/wp-json\/wp\/v2\/media\/81414"}],"wp:attachment":[{"href":"https:\/\/sertv.gob.pa\/nacionalfm\/wp-json\/wp\/v2\/media?parent=81413"}],"wp:term":[{"taxonomy":"category","embeddable":true,"href":"https:\/\/sertv.gob.pa\/nacionalfm\/wp-json\/wp\/v2\/categories?post=81413"},{"taxonomy":"post_tag","embeddable":true,"href":"https:\/\/sertv.gob.pa\/nacionalfm\/wp-json\/wp\/v2\/tags?post=81413"}],"curies":[{"name":"wp","href":"https:\/\/api.w.org\/{rel}","templated":true}]}}