{"id":81465,"date":"2022-04-26T18:55:52","date_gmt":"2022-04-26T18:55:52","guid":{"rendered":"https:\/\/sertv.gob.pa\/nacionalfm\/?p=81465"},"modified":"2022-04-26T18:55:52","modified_gmt":"2022-04-26T18:55:52","slug":"mueren-cuatro-personas-en-un-ataque-contra-una-guarderia-en-rusia","status":"publish","type":"post","link":"https:\/\/sertv.gob.pa\/nacionalfm\/mueren-cuatro-personas-en-un-ataque-contra-una-guarderia-en-rusia\/","title":{"rendered":"Mueren cuatro personas en un ataque contra una guarder\u00eda en Rusia"},"content":{"rendered":"<p><strong><em>MADRID, (EUROPA PRESS) \u2013<\/em><\/strong><\/p>\n<p><strong><em>\u00a0<\/em><\/strong><\/p>\n<p>Al menos cuatro personas han muerto este martes en un ataque armado contra una guarder\u00eda en la regi\u00f3n rusa de Ulianovsk, situada en el oeste del pa\u00eds, seg\u00fan han indicado las autoridades, que han se\u00f1alado que el responsable se ha suicidado posteriormente en el lugar.<\/p>\n<p>\u00abUn hombre armado ha entrado en una guarder\u00eda en la aldea de Veshkaima (&#8230;) y ha matado a dos ni\u00f1os y una cuidadora, tras lo que se ha suicidado\u00bb, han se\u00f1alado fuentes citadas por la agencia rusa de noticias Interfax.<\/p>\n<p>Seg\u00fan las primeras informaciones, el asaltante dispar\u00f3 un rifle de caza sovi\u00e9tico modelo IZH-27 que pertenec\u00eda a otra persona, la cual ha sido hallada muerta por heridas de bala en un bosque cercano, seg\u00fan apunta la agencia alemana DPA.<\/p>\n<p>Seg\u00fan la defensora de Derechos Humanos de Rusia, Tatiana Moskalkova, el autor del ataque es Ajtiamon Rushanovich, un joven nacido en 1996, residente en Veshkaima y que est\u00e1 registrado como \u00abenfermo mental\u00bb.<\/p>\n<p>Por otro lado, el comisionado de Derechos Humanos de la regi\u00f3n, Sergei Liulkov, en la guarder\u00eda hab\u00eda instalado un \u00abbot\u00f3n del p\u00e1nico\u00bb que ha servido para dar la voz de alerta a la Guardia Nacional, que se ha presentado \u00abr\u00e1pidamente\u00bb en el lugar.<\/p>\n<p>Fuentes de Interfax han indicado que el hombre contaba con licencia para poseer un rifle de caza, sin que por ahora se conozcan las causas del incidente.<\/p>\n<p>El resto de alumnos de la guarder\u00eda ser\u00e1n redistribuidos en otros jardines de infancia de la zona durante el proceso de investigaci\u00f3n, seg\u00fan ha informado el Ministerio de Educaci\u00f3n ruso, recoge la agencia TASS.<\/p>\n<p>&nbsp;<\/p>\n<p>Fuente: EUROPA PRESS<\/p>\n<p>&nbsp;<\/p>\n","protected":false},"excerpt":{"rendered":"<p>MADRID, (EUROPA PRESS) \u2013 \u00a0 Al menos cuatro personas han <a href=\"https:\/\/sertv.gob.pa\/nacionalfm\/mueren-cuatro-personas-en-un-ataque-contra-una-guarderia-en-rusia\/\"> [&#8230;]<\/a><\/p>\n","protected":false},"author":9,"featured_media":81466,"comment_status":"closed","ping_status":"closed","sticky":false,"template":"","format":"standard","meta":{"footnotes":""},"categories":[3],"tags":[],"class_list":["post-81465","post","type-post","status-publish","format-standard","has-post-thumbnail","hentry","category-internacionales"],"_links":{"self":[{"href":"https:\/\/sertv.gob.pa\/nacionalfm\/wp-json\/wp\/v2\/posts\/81465","targetHints":{"allow":["GET"]}}],"collection":[{"href":"https:\/\/sertv.gob.pa\/nacionalfm\/wp-json\/wp\/v2\/posts"}],"about":[{"href":"https:\/\/sertv.gob.pa\/nacionalfm\/wp-json\/wp\/v2\/types\/post"}],"author":[{"embeddable":true,"href":"https:\/\/sertv.gob.pa\/nacionalfm\/wp-json\/wp\/v2\/users\/9"}],"replies":[{"embeddable":true,"href":"https:\/\/sertv.gob.pa\/nacionalfm\/wp-json\/wp\/v2\/comments?post=81465"}],"version-history":[{"count":1,"href":"https:\/\/sertv.gob.pa\/nacionalfm\/wp-json\/wp\/v2\/posts\/81465\/revisions"}],"predecessor-version":[{"id":81467,"href":"https:\/\/sertv.gob.pa\/nacionalfm\/wp-json\/wp\/v2\/posts\/81465\/revisions\/81467"}],"wp:featuredmedia":[{"embeddable":true,"href":"https:\/\/sertv.gob.pa\/nacionalfm\/wp-json\/wp\/v2\/media\/81466"}],"wp:attachment":[{"href":"https:\/\/sertv.gob.pa\/nacionalfm\/wp-json\/wp\/v2\/media?parent=81465"}],"wp:term":[{"taxonomy":"category","embeddable":true,"href":"https:\/\/sertv.gob.pa\/nacionalfm\/wp-json\/wp\/v2\/categories?post=81465"},{"taxonomy":"post_tag","embeddable":true,"href":"https:\/\/sertv.gob.pa\/nacionalfm\/wp-json\/wp\/v2\/tags?post=81465"}],"curies":[{"name":"wp","href":"https:\/\/api.w.org\/{rel}","templated":true}]}}