{"id":815,"date":"2014-08-06T05:00:00","date_gmt":"2014-08-06T05:00:00","guid":{"rendered":""},"modified":"2014-08-06T05:00:00","modified_gmt":"2014-08-06T05:00:00","slug":"por-brote-de-ebola-se-reune-comite-de-emergencias-de-oms","status":"publish","type":"post","link":"https:\/\/sertv.gob.pa\/nacionalfm\/por-brote-de-ebola-se-reune-comite-de-emergencias-de-oms\/","title":{"rendered":"Por brote de \u00e9bola se re\u00fane comit\u00e9 de emergencias de OMS"},"content":{"rendered":"<p>\nVannina Maestracci, vocera de la Organizaci\u00f3n de las Naciones Unidas, confirm\u00f3 que el comit\u00e9 de emergencias de la Organizaci\u00f3n Mundial de la Salud (OMS) se reunir\u00e1 entre hoy y ma\u00f1ana para discutir sobre el actual brote de \u00e9bola en \u00c1frica. <\/p>\n<p>El objetivo de la reuni\u00f3n es determinar si la epidemia constituye una emergencia sanitaria p\u00fablica de preocupaci\u00f3n internacional. De ser as\u00ed, recomendar\u00eda al director general de la OMS que lo declare e impulse las medidas pertinentes.\u00a0 @nacionalFm <\/p>\n<p>\u00a0 <\/p>\n","protected":false},"excerpt":{"rendered":"<p>Vannina Maestracci, vocera de la Organizaci\u00f3n de las Naciones Unidas, <a href=\"https:\/\/sertv.gob.pa\/nacionalfm\/por-brote-de-ebola-se-reune-comite-de-emergencias-de-oms\/\"> [&#8230;]<\/a><\/p>\n","protected":false},"author":1,"featured_media":816,"comment_status":"closed","ping_status":"closed","sticky":false,"template":"","format":"standard","meta":{"footnotes":""},"categories":[5],"tags":[],"class_list":["post-815","post","type-post","status-publish","format-standard","has-post-thumbnail","hentry","category-salud"],"_links":{"self":[{"href":"https:\/\/sertv.gob.pa\/nacionalfm\/wp-json\/wp\/v2\/posts\/815","targetHints":{"allow":["GET"]}}],"collection":[{"href":"https:\/\/sertv.gob.pa\/nacionalfm\/wp-json\/wp\/v2\/posts"}],"about":[{"href":"https:\/\/sertv.gob.pa\/nacionalfm\/wp-json\/wp\/v2\/types\/post"}],"author":[{"embeddable":true,"href":"https:\/\/sertv.gob.pa\/nacionalfm\/wp-json\/wp\/v2\/users\/1"}],"replies":[{"embeddable":true,"href":"https:\/\/sertv.gob.pa\/nacionalfm\/wp-json\/wp\/v2\/comments?post=815"}],"version-history":[{"count":0,"href":"https:\/\/sertv.gob.pa\/nacionalfm\/wp-json\/wp\/v2\/posts\/815\/revisions"}],"wp:featuredmedia":[{"embeddable":true,"href":"https:\/\/sertv.gob.pa\/nacionalfm\/wp-json\/wp\/v2\/media\/816"}],"wp:attachment":[{"href":"https:\/\/sertv.gob.pa\/nacionalfm\/wp-json\/wp\/v2\/media?parent=815"}],"wp:term":[{"taxonomy":"category","embeddable":true,"href":"https:\/\/sertv.gob.pa\/nacionalfm\/wp-json\/wp\/v2\/categories?post=815"},{"taxonomy":"post_tag","embeddable":true,"href":"https:\/\/sertv.gob.pa\/nacionalfm\/wp-json\/wp\/v2\/tags?post=815"}],"curies":[{"name":"wp","href":"https:\/\/api.w.org\/{rel}","templated":true}]}}