{"id":81517,"date":"2022-04-27T18:12:16","date_gmt":"2022-04-27T18:12:16","guid":{"rendered":"https:\/\/sertv.gob.pa\/nacionalfm\/?p=81517"},"modified":"2022-04-27T18:12:16","modified_gmt":"2022-04-27T18:12:16","slug":"cerca-de-4-000-personas-estan-confinadas-en-el-departamento-colombiano-de-choco-por-las-amenazas-del-eln","status":"publish","type":"post","link":"https:\/\/sertv.gob.pa\/nacionalfm\/cerca-de-4-000-personas-estan-confinadas-en-el-departamento-colombiano-de-choco-por-las-amenazas-del-eln\/","title":{"rendered":"Cerca de 4.000 personas est\u00e1n confinadas en el departamento colombiano de Choc\u00f3 por las amenazas del ELN"},"content":{"rendered":"<p><strong><em>MADRID, (EUROPA PRESS) \u2013<\/em><\/strong><\/p>\n<p><strong><em>\u00a0<\/em><\/strong><\/p>\n<p>Cerca de 4.000 personas residentes en una zona rural llamada N\u00f3vita, ubicada en el departamento colombiano de Choc\u00f3, permanecen confinadas debido a las amenazas realizadas por los integrantes de la guerrilla del Ej\u00e9rcito de Liberaci\u00f3n Nacional (ELN).<\/p>\n<p>Seg\u00fan ha denunciado este mi\u00e9rcoles la Defensor\u00eda del Pueblo de Colombia, el frente Ernesto Che Guevara del ELN ha prohibido la movilidad en la zona a unas 900 familias de 25 comunidades \u00e9tnicas, seis de ellas ind\u00edgenas, en el Medio y Alto Taman\u00e1.<\/p>\n<p>En un comunicado, la Defensor\u00eda ha indicado que las restricciones comenzaron el pasado lunes a las 18 horas (hora local) y, en concreto, el ELN ha prohibido la navegaci\u00f3n por el r\u00edo Taman\u00e1.<\/p>\n<p>La oficina de la Defensor\u00eda del Pueblo en Choc\u00f3 ha pedido a las autoridades \u00abatender la nueva emergencia humanitaria\u00bb para mitigar los efectos de este confinamiento y para que se brinde asistencia de urgencia a la comunidad afectada. En este sentido, ha ofrecido \u00abtoda su capacidad institucional y su experiencia\u00bb para liderar una misi\u00f3n humanitaria y atender a la poblaci\u00f3n que vive una \u00abclara vulneraci\u00f3n\u00bb de sus Derechos Humanos.<\/p>\n<p>El organismo ha recordado que entre el 15 y el 29 de marzo ya tuvo lugar una situaci\u00f3n similar, cuando varias comunidades estuvieron confinadas en el mismo territorio por amenazas del ELN. La Defensor\u00eda del Pueblo ya advirti\u00f3 en agosto de 2021 de los riesgos que comporta la presencia y disputa armada entre el ELN y las Autodefensas Gaitanistas (AGC) o el Clan del Golfo por el control de este territorio, que implica la imposici\u00f3n de \u00abpautas de comportamiento\u00bb a los residentes de la zona.<\/p>\n<p>En este contexto, la Defensor\u00eda del Pueblo de Colombia ha vuelto a pedir al ELN y a las AGC que respeten los derechos de las comunidades y que permitan la libre circulaci\u00f3n de la poblaci\u00f3n civil. Adem\u00e1s han pedido \u00abcesar las acciones\u00bb contra la comunidad de N\u00f3vita y respetar los Derechos Humanos y el Derecho Internacional humanitario.<\/p>\n<p>&nbsp;<\/p>\n<p>Fuente: EUROPA PRESS<\/p>\n<p>&nbsp;<\/p>\n","protected":false},"excerpt":{"rendered":"<p>MADRID, (EUROPA PRESS) \u2013 \u00a0 Cerca de 4.000 personas residentes <a href=\"https:\/\/sertv.gob.pa\/nacionalfm\/cerca-de-4-000-personas-estan-confinadas-en-el-departamento-colombiano-de-choco-por-las-amenazas-del-eln\/\"> [&#8230;]<\/a><\/p>\n","protected":false},"author":9,"featured_media":81518,"comment_status":"closed","ping_status":"closed","sticky":false,"template":"","format":"standard","meta":{"footnotes":""},"categories":[3],"tags":[],"class_list":["post-81517","post","type-post","status-publish","format-standard","has-post-thumbnail","hentry","category-internacionales"],"_links":{"self":[{"href":"https:\/\/sertv.gob.pa\/nacionalfm\/wp-json\/wp\/v2\/posts\/81517","targetHints":{"allow":["GET"]}}],"collection":[{"href":"https:\/\/sertv.gob.pa\/nacionalfm\/wp-json\/wp\/v2\/posts"}],"about":[{"href":"https:\/\/sertv.gob.pa\/nacionalfm\/wp-json\/wp\/v2\/types\/post"}],"author":[{"embeddable":true,"href":"https:\/\/sertv.gob.pa\/nacionalfm\/wp-json\/wp\/v2\/users\/9"}],"replies":[{"embeddable":true,"href":"https:\/\/sertv.gob.pa\/nacionalfm\/wp-json\/wp\/v2\/comments?post=81517"}],"version-history":[{"count":1,"href":"https:\/\/sertv.gob.pa\/nacionalfm\/wp-json\/wp\/v2\/posts\/81517\/revisions"}],"predecessor-version":[{"id":81519,"href":"https:\/\/sertv.gob.pa\/nacionalfm\/wp-json\/wp\/v2\/posts\/81517\/revisions\/81519"}],"wp:featuredmedia":[{"embeddable":true,"href":"https:\/\/sertv.gob.pa\/nacionalfm\/wp-json\/wp\/v2\/media\/81518"}],"wp:attachment":[{"href":"https:\/\/sertv.gob.pa\/nacionalfm\/wp-json\/wp\/v2\/media?parent=81517"}],"wp:term":[{"taxonomy":"category","embeddable":true,"href":"https:\/\/sertv.gob.pa\/nacionalfm\/wp-json\/wp\/v2\/categories?post=81517"},{"taxonomy":"post_tag","embeddable":true,"href":"https:\/\/sertv.gob.pa\/nacionalfm\/wp-json\/wp\/v2\/tags?post=81517"}],"curies":[{"name":"wp","href":"https:\/\/api.w.org\/{rel}","templated":true}]}}