{"id":81520,"date":"2022-04-27T18:35:01","date_gmt":"2022-04-27T18:35:01","guid":{"rendered":"https:\/\/sertv.gob.pa\/nacionalfm\/?p=81520"},"modified":"2022-04-27T18:35:01","modified_gmt":"2022-04-27T18:35:01","slug":"varios-muertos-en-enfrentamientos-en-la-planta-industrial-cruz-azul-en-mexico","status":"publish","type":"post","link":"https:\/\/sertv.gob.pa\/nacionalfm\/varios-muertos-en-enfrentamientos-en-la-planta-industrial-cruz-azul-en-mexico\/","title":{"rendered":"Varios muertos en enfrentamientos en la planta industrial Cruz Azul, en M\u00e9xico"},"content":{"rendered":"<p><strong><em>MADRID, (EUROPA PRESS) \u2013<\/em><\/strong><\/p>\n<p><strong><em>\u00a0<\/em><\/strong><\/p>\n<p>Varias personas han fallecido y cerca de 20 han resultado heridas en una serie de enfrentamientos registrados en la planta de la cementera Cruz Azul en Tula, en el estado mexicano de Hidalgo (centro).<\/p>\n<p>El control de la f\u00e1brica ha sido motivo de disputas entre cooperativistas y otro grupo de personas que en la madrugada de este mi\u00e9rcoles (hora local) han tratado de ingresar por la fuerza en las instalaciones y, al no lograrlo, han arremetido contra los trabajadores que se encontraban en el lugar.<\/p>\n<p>La Procuradur\u00eda General de Justicia de Hidalgo ha confirmado de que, a lo largo del d\u00eda, informar\u00e1 de las personas muertas en el incidente, si bien desde la prensa local han apuntado que al menos cinco personas habr\u00edan fallecido. Adem\u00e1s, tambi\u00e9n se han incendiado veh\u00edculos y se han provocado destrozos en la planta de la Cooperativa Cruz Azul.<\/p>\n<p>De hecho, la empresa ha emitido un comunicado en el que condena los hechos y ha anunciado que tomar\u00e1 acciones contra los empleados que mantienen \u00abilegalmente\u00bb el control de las instalaciones, pero siempre por la v\u00eda legal y sin recurrir a la violencia.<\/p>\n<p>\u00abPor el contrario, este grupo disidente, adem\u00e1s de ostentarse como presidentes de los Consejos de Administraci\u00f3n y Vigilancia, le han permitido el acceso a grupos v\u00e1ndalos ajenos a las instalaciones, agrediendo y poniendo en riesgo a la comunidad\u00bb, ha denunciado Cooperativa Cruz Azul.<\/p>\n<p>Cabe destacar que el Poder Judicial fall\u00f3 a mediados del pasado mes de diciembre a favor de Cooperativa Cruz Azul para que retomaran el control de la planta del municipio de Tula, despu\u00e9s de que un grupo se hiciera con el dominio de las instalaciones.<\/p>\n<p>&nbsp;<\/p>\n<p>Fuente: EUROPA PRESS<\/p>\n","protected":false},"excerpt":{"rendered":"<p>MADRID, (EUROPA PRESS) \u2013 \u00a0 Varias personas han fallecido y <a href=\"https:\/\/sertv.gob.pa\/nacionalfm\/varios-muertos-en-enfrentamientos-en-la-planta-industrial-cruz-azul-en-mexico\/\"> [&#8230;]<\/a><\/p>\n","protected":false},"author":9,"featured_media":81521,"comment_status":"closed","ping_status":"closed","sticky":false,"template":"","format":"standard","meta":{"footnotes":""},"categories":[3],"tags":[],"class_list":["post-81520","post","type-post","status-publish","format-standard","has-post-thumbnail","hentry","category-internacionales"],"_links":{"self":[{"href":"https:\/\/sertv.gob.pa\/nacionalfm\/wp-json\/wp\/v2\/posts\/81520","targetHints":{"allow":["GET"]}}],"collection":[{"href":"https:\/\/sertv.gob.pa\/nacionalfm\/wp-json\/wp\/v2\/posts"}],"about":[{"href":"https:\/\/sertv.gob.pa\/nacionalfm\/wp-json\/wp\/v2\/types\/post"}],"author":[{"embeddable":true,"href":"https:\/\/sertv.gob.pa\/nacionalfm\/wp-json\/wp\/v2\/users\/9"}],"replies":[{"embeddable":true,"href":"https:\/\/sertv.gob.pa\/nacionalfm\/wp-json\/wp\/v2\/comments?post=81520"}],"version-history":[{"count":1,"href":"https:\/\/sertv.gob.pa\/nacionalfm\/wp-json\/wp\/v2\/posts\/81520\/revisions"}],"predecessor-version":[{"id":81524,"href":"https:\/\/sertv.gob.pa\/nacionalfm\/wp-json\/wp\/v2\/posts\/81520\/revisions\/81524"}],"wp:featuredmedia":[{"embeddable":true,"href":"https:\/\/sertv.gob.pa\/nacionalfm\/wp-json\/wp\/v2\/media\/81521"}],"wp:attachment":[{"href":"https:\/\/sertv.gob.pa\/nacionalfm\/wp-json\/wp\/v2\/media?parent=81520"}],"wp:term":[{"taxonomy":"category","embeddable":true,"href":"https:\/\/sertv.gob.pa\/nacionalfm\/wp-json\/wp\/v2\/categories?post=81520"},{"taxonomy":"post_tag","embeddable":true,"href":"https:\/\/sertv.gob.pa\/nacionalfm\/wp-json\/wp\/v2\/tags?post=81520"}],"curies":[{"name":"wp","href":"https:\/\/api.w.org\/{rel}","templated":true}]}}