{"id":8155,"date":"2015-10-14T17:48:15","date_gmt":"2015-10-14T17:48:15","guid":{"rendered":""},"modified":"2015-10-14T17:48:15","modified_gmt":"2015-10-14T17:48:15","slug":"casi-uno-de-cada-tres-habitantes-del-mundo-padece-malnutricion","status":"publish","type":"post","link":"https:\/\/sertv.gob.pa\/nacionalfm\/casi-uno-de-cada-tres-habitantes-del-mundo-padece-malnutricion\/","title":{"rendered":"Casi uno de cada tres habitantes del mundo padece malnutrici\u00f3n"},"content":{"rendered":"<p>\nCasi uno de cada tres habitantes del planeta sufre malnutrici\u00f3n, es decir, 2 mil millones de personas, seg\u00fan el  Informe de la Nutrici\u00f3n Mundial 2015 \u00a0presentado \u00a0en Madrid por las oeneg\u00e9s\u00a0Acci\u00f3n contra el Hambre y Save the Children. <\/p>\n<p>El informe, que ha sido coordinado por el Instituto Internacional de Investigaci\u00f3n sobre Pol\u00edticas Alimentarias (Ipfri), detalla que mil 900 millones de adultos tienen sobrepeso o son obesos, 794 millones de personas presentan deficiencias nutricionales y uno de cada 12\u00a0adultos en el mundo padece diabetes. <\/p>\n<p>El responsable de nutrici\u00f3n de Acci\u00f3n contra el Hambre, Antonio Vargas, y el director de Cooperaci\u00f3n Internacional de Save the Children, David del Campo, destacaron estos datos durante la presentaci\u00f3n del estudio &ndash; <\/p>\n<p> La investigaci\u00f3n, elaborada con aportaciones de m\u00e1s de setenta autores, analiza la malnutrici\u00f3n en todas sus formas, desde la privaci\u00f3n extrema de alimentos hasta el sobrepeso, la obesidad y la diabetes . <\/p>\n<p>Esa malnutrici\u00f3n tiene causas comunes, como dietas de baja calidad, cuidados deficientes para madres y ni\u00f1os, acceso insuficiente a los servicios de salud y entornos antihigi\u00e9nicos y malsanos. <\/p>\n<p>\u00a0 <\/p>\n<p>\u00a0 <\/p>\n","protected":false},"excerpt":{"rendered":"<p>Casi uno de cada tres habitantes del planeta sufre malnutrici\u00f3n, <a href=\"https:\/\/sertv.gob.pa\/nacionalfm\/casi-uno-de-cada-tres-habitantes-del-mundo-padece-malnutricion\/\"> [&#8230;]<\/a><\/p>\n","protected":false},"author":1,"featured_media":8156,"comment_status":"closed","ping_status":"closed","sticky":false,"template":"","format":"standard","meta":{"footnotes":""},"categories":[5],"tags":[],"class_list":["post-8155","post","type-post","status-publish","format-standard","has-post-thumbnail","hentry","category-salud"],"_links":{"self":[{"href":"https:\/\/sertv.gob.pa\/nacionalfm\/wp-json\/wp\/v2\/posts\/8155","targetHints":{"allow":["GET"]}}],"collection":[{"href":"https:\/\/sertv.gob.pa\/nacionalfm\/wp-json\/wp\/v2\/posts"}],"about":[{"href":"https:\/\/sertv.gob.pa\/nacionalfm\/wp-json\/wp\/v2\/types\/post"}],"author":[{"embeddable":true,"href":"https:\/\/sertv.gob.pa\/nacionalfm\/wp-json\/wp\/v2\/users\/1"}],"replies":[{"embeddable":true,"href":"https:\/\/sertv.gob.pa\/nacionalfm\/wp-json\/wp\/v2\/comments?post=8155"}],"version-history":[{"count":0,"href":"https:\/\/sertv.gob.pa\/nacionalfm\/wp-json\/wp\/v2\/posts\/8155\/revisions"}],"wp:featuredmedia":[{"embeddable":true,"href":"https:\/\/sertv.gob.pa\/nacionalfm\/wp-json\/wp\/v2\/media\/8156"}],"wp:attachment":[{"href":"https:\/\/sertv.gob.pa\/nacionalfm\/wp-json\/wp\/v2\/media?parent=8155"}],"wp:term":[{"taxonomy":"category","embeddable":true,"href":"https:\/\/sertv.gob.pa\/nacionalfm\/wp-json\/wp\/v2\/categories?post=8155"},{"taxonomy":"post_tag","embeddable":true,"href":"https:\/\/sertv.gob.pa\/nacionalfm\/wp-json\/wp\/v2\/tags?post=8155"}],"curies":[{"name":"wp","href":"https:\/\/api.w.org\/{rel}","templated":true}]}}