{"id":81571,"date":"2022-04-28T17:23:18","date_gmt":"2022-04-28T17:23:18","guid":{"rendered":"https:\/\/sertv.gob.pa\/nacionalfm\/?p=81571"},"modified":"2022-04-28T17:23:18","modified_gmt":"2022-04-28T17:23:18","slug":"biden-pide-al-congreso-de-eeuu-otros-33-000-millones-de-dolares-adicionales-para-destinar-ayuda-a-ucrania","status":"publish","type":"post","link":"https:\/\/sertv.gob.pa\/nacionalfm\/biden-pide-al-congreso-de-eeuu-otros-33-000-millones-de-dolares-adicionales-para-destinar-ayuda-a-ucrania\/","title":{"rendered":"Biden pide al Congreso de EEUU otros 33.000 millones de d\u00f3lares adicionales para destinar ayuda a Ucrania"},"content":{"rendered":"<p><strong><em>MADRID, (EUROPA PRESS) \u2013<\/em><\/strong><\/p>\n<p><strong><em>\u00a0<\/em><\/strong><\/p>\n<p>La Administraci\u00f3n de Joe Biden ha solicitado este jueves al Congreso de Estados Unidos financiaci\u00f3n adicional para Ucrania por valor de 33.000 millones de d\u00f3lares (m\u00e1s de 31.300 millones de euros), que se destinar\u00edan a asistencia en materia de seguridad, econ\u00f3mica y humanitaria.<\/p>\n<p>\u00abEs cr\u00edtico que esta financiaci\u00f3n se apruebe y sea lo m\u00e1s r\u00e1pido posible\u00bb, ha indicado Biden en una comparecencia en la que ha insistido en que Washington \u00abest\u00e1 ayudando a Ucrania a defenderse de la agresi\u00f3n rusa\u00bb.<\/p>\n<p>El presidente estadounidense ha reiterado que no tiene previsto enviar efectivos a Ucrania y ha insistido en que Washington \u00abno est\u00e1 atacando a Rusia\u00bb. \u00abRusia es el agresor (&#8230;) sin peros (&#8230;) y el mundo debe hacer que rinda cuentas\u00bb, ha afirmado.<\/p>\n<p>De los 33.000 millones de d\u00f3lares, 20.400 ir\u00edan destinados a proporcionar a Kiev ayuda militar y en materia de seguridad, mientras que 8.500 ir\u00edan a parar al Gobierno ucraniano y 3.000 millones ser\u00edan para asistencia humanitaria adicional.<\/p>\n<p>Los miembros del Congreso consideran que es necesario que Ucrania reciba m\u00e1s financiaci\u00f3n estadounidense, pero no est\u00e1 claro c\u00f3mo de r\u00e1pido se aprobar\u00eda este paquete de ayuda adicional, seg\u00fan ha informado la cadena de televisi\u00f3n CNN.<\/p>\n<p>Este mismo jueves, Biden tiene previsto enviar al Congreso una propuesta legislativa que busca presionar a los oligarcas rusos en represalia por la guerra en Ucrania. Uno de sus puntos es la utilizaci\u00f3n del dinero de sus activos incautados para financiar la defensa ucraniana, seg\u00fan la Casa Blanca.<\/p>\n<p>Estados Unidos, junto a sus socios, ha impuesto varios paquetes de sanciones contra Rusia en respuesta a la invasi\u00f3n de Ucrania, al tiempo que ha destinado recursos econ\u00f3micos para ayudar a Kiev a distintos niveles.<\/p>\n<p>&nbsp;<\/p>\n<p>Fuente: EUROPA PRESS<\/p>\n<p>&nbsp;<\/p>\n","protected":false},"excerpt":{"rendered":"<p>MADRID, (EUROPA PRESS) \u2013 \u00a0 La Administraci\u00f3n de Joe Biden <a href=\"https:\/\/sertv.gob.pa\/nacionalfm\/biden-pide-al-congreso-de-eeuu-otros-33-000-millones-de-dolares-adicionales-para-destinar-ayuda-a-ucrania\/\"> [&#8230;]<\/a><\/p>\n","protected":false},"author":9,"featured_media":81572,"comment_status":"closed","ping_status":"closed","sticky":false,"template":"","format":"standard","meta":{"footnotes":""},"categories":[3],"tags":[],"class_list":["post-81571","post","type-post","status-publish","format-standard","has-post-thumbnail","hentry","category-internacionales"],"_links":{"self":[{"href":"https:\/\/sertv.gob.pa\/nacionalfm\/wp-json\/wp\/v2\/posts\/81571","targetHints":{"allow":["GET"]}}],"collection":[{"href":"https:\/\/sertv.gob.pa\/nacionalfm\/wp-json\/wp\/v2\/posts"}],"about":[{"href":"https:\/\/sertv.gob.pa\/nacionalfm\/wp-json\/wp\/v2\/types\/post"}],"author":[{"embeddable":true,"href":"https:\/\/sertv.gob.pa\/nacionalfm\/wp-json\/wp\/v2\/users\/9"}],"replies":[{"embeddable":true,"href":"https:\/\/sertv.gob.pa\/nacionalfm\/wp-json\/wp\/v2\/comments?post=81571"}],"version-history":[{"count":1,"href":"https:\/\/sertv.gob.pa\/nacionalfm\/wp-json\/wp\/v2\/posts\/81571\/revisions"}],"predecessor-version":[{"id":81573,"href":"https:\/\/sertv.gob.pa\/nacionalfm\/wp-json\/wp\/v2\/posts\/81571\/revisions\/81573"}],"wp:featuredmedia":[{"embeddable":true,"href":"https:\/\/sertv.gob.pa\/nacionalfm\/wp-json\/wp\/v2\/media\/81572"}],"wp:attachment":[{"href":"https:\/\/sertv.gob.pa\/nacionalfm\/wp-json\/wp\/v2\/media?parent=81571"}],"wp:term":[{"taxonomy":"category","embeddable":true,"href":"https:\/\/sertv.gob.pa\/nacionalfm\/wp-json\/wp\/v2\/categories?post=81571"},{"taxonomy":"post_tag","embeddable":true,"href":"https:\/\/sertv.gob.pa\/nacionalfm\/wp-json\/wp\/v2\/tags?post=81571"}],"curies":[{"name":"wp","href":"https:\/\/api.w.org\/{rel}","templated":true}]}}