{"id":81574,"date":"2022-04-28T17:51:04","date_gmt":"2022-04-28T17:51:04","guid":{"rendered":"https:\/\/sertv.gob.pa\/nacionalfm\/?p=81574"},"modified":"2022-04-28T17:51:04","modified_gmt":"2022-04-28T17:51:04","slug":"la-onu-confirma-la-muerte-de-unos-2-830-civiles-en-ucrania-entre-ellos-205-ninos","status":"publish","type":"post","link":"https:\/\/sertv.gob.pa\/nacionalfm\/la-onu-confirma-la-muerte-de-unos-2-830-civiles-en-ucrania-entre-ellos-205-ninos\/","title":{"rendered":"La ONU confirma la muerte de unos 2.830 civiles en Ucrania, entre ellos 205 ni\u00f1os"},"content":{"rendered":"<p><strong><em>MADRID, (EUROPA PRESS) \u2013<\/em><\/strong><\/p>\n<p><strong><em>\u00a0<\/em><\/strong><\/p>\n<p>La oficina de la ONU para los Derechos Humanos ha elevado a 2.829 el balance provisional de civiles muertos en Ucrania como consecuencia de la ofensiva militar de Rusia, entre ellos 205 ni\u00f1os, si bien asume que la cifra real ser\u00eda \u00abconsiderablemente mayor\u00bb.<\/p>\n<p>La ONU ha podido constatar, adem\u00e1s, 3.180 heridos, incluidos 303 menores de edad, seg\u00fan un recuento que sit\u00faa a la mayor parte de las v\u00edctimas en territorios controlados por las fuerzas leales al Gobierno de Ucrania.<\/p>\n<p>El Alto Comisionado para los Derechos Humanos echa en falta m\u00e1s informaci\u00f3n de algunas zonas donde sigue habiendo \u00abintensos\u00bb combates e incluye en este grupo el \u00e1rea de Mari\u00fapol, situada en el sureste de Ucrania y escenario de un intenso asedio por parte de las fuerzas rusas.<\/p>\n<p>Las autoridades locales estiman que s\u00f3lo en Mari\u00fapol hay miles de muertos m\u00e1s y tambi\u00e9n temen que haya cientos de fallecidos sin registrar en zonas bajo control militar ruso, tal como qued\u00f3 de manifiesto en \u00e1reas cercanas a Kiev que durante semanas fueron inaccesibles.<\/p>\n<p>&nbsp;<\/p>\n<p>Fuente: EUROPA PRESS<\/p>\n<p>&nbsp;<\/p>\n","protected":false},"excerpt":{"rendered":"<p>MADRID, (EUROPA PRESS) \u2013 \u00a0 La oficina de la ONU <a href=\"https:\/\/sertv.gob.pa\/nacionalfm\/la-onu-confirma-la-muerte-de-unos-2-830-civiles-en-ucrania-entre-ellos-205-ninos\/\"> [&#8230;]<\/a><\/p>\n","protected":false},"author":9,"featured_media":81575,"comment_status":"closed","ping_status":"closed","sticky":false,"template":"","format":"standard","meta":{"footnotes":""},"categories":[3],"tags":[],"class_list":["post-81574","post","type-post","status-publish","format-standard","has-post-thumbnail","hentry","category-internacionales"],"_links":{"self":[{"href":"https:\/\/sertv.gob.pa\/nacionalfm\/wp-json\/wp\/v2\/posts\/81574","targetHints":{"allow":["GET"]}}],"collection":[{"href":"https:\/\/sertv.gob.pa\/nacionalfm\/wp-json\/wp\/v2\/posts"}],"about":[{"href":"https:\/\/sertv.gob.pa\/nacionalfm\/wp-json\/wp\/v2\/types\/post"}],"author":[{"embeddable":true,"href":"https:\/\/sertv.gob.pa\/nacionalfm\/wp-json\/wp\/v2\/users\/9"}],"replies":[{"embeddable":true,"href":"https:\/\/sertv.gob.pa\/nacionalfm\/wp-json\/wp\/v2\/comments?post=81574"}],"version-history":[{"count":1,"href":"https:\/\/sertv.gob.pa\/nacionalfm\/wp-json\/wp\/v2\/posts\/81574\/revisions"}],"predecessor-version":[{"id":81577,"href":"https:\/\/sertv.gob.pa\/nacionalfm\/wp-json\/wp\/v2\/posts\/81574\/revisions\/81577"}],"wp:featuredmedia":[{"embeddable":true,"href":"https:\/\/sertv.gob.pa\/nacionalfm\/wp-json\/wp\/v2\/media\/81575"}],"wp:attachment":[{"href":"https:\/\/sertv.gob.pa\/nacionalfm\/wp-json\/wp\/v2\/media?parent=81574"}],"wp:term":[{"taxonomy":"category","embeddable":true,"href":"https:\/\/sertv.gob.pa\/nacionalfm\/wp-json\/wp\/v2\/categories?post=81574"},{"taxonomy":"post_tag","embeddable":true,"href":"https:\/\/sertv.gob.pa\/nacionalfm\/wp-json\/wp\/v2\/tags?post=81574"}],"curies":[{"name":"wp","href":"https:\/\/api.w.org\/{rel}","templated":true}]}}