{"id":8159,"date":"2015-10-14T18:11:55","date_gmt":"2015-10-14T18:11:55","guid":{"rendered":""},"modified":"2015-10-14T18:11:55","modified_gmt":"2015-10-14T18:11:55","slug":"que-puede-contribuir-a-empeorar-el-resfriado","status":"publish","type":"post","link":"https:\/\/sertv.gob.pa\/nacionalfm\/que-puede-contribuir-a-empeorar-el-resfriado\/","title":{"rendered":"\u00bfQu\u00e9 puede contribuir a empeorar el resfriado?"},"content":{"rendered":"<p>\nLa gravedad de los s\u00edntomas o la cantidad de d\u00edas que afecte el  resfriado  a una persona va a depender de condiciones como el sue\u00f1o, la alimentaci\u00f3n y el estr\u00e9s al que sea sometido su cuerpo. <\/p>\n<p>Un estudio publicado en la  Biblioteca Nacional de Medicina de Estados Unidos  sigui\u00f3 de cerca a un grupo de adultos expuesto a un  virus del resfriado . Se descubri\u00f3 que quienes dorm\u00edan menos de seis horas al d\u00eda ten\u00edan cuatro veces m\u00e1s probabilidades de contraer un resfriado que los que dorm\u00edan m\u00e1s de siete horas. <\/p>\n<p>Aunque no existe evidencia cient\u00edfica de que dormir mucho proteja contra el resfriado, \u00ablo que s\u00ed demostr\u00f3 este estudio es que dormir menos de siete horas incrementa el riesgo de contagiarse un resfriado\u00bb, reiter\u00f3 el autor del trabajo, Aric Prather, profesor de psiquiatr\u00eda de la  Universidad de California , en San Francisco. <\/p>\n<p>Adem\u00e1s, varias  investigaciones  ya han vinculado unos malos h\u00e1bitos de sue\u00f1o con un sistema inmunitario debilitado, y esto se traduce en un riesgo m\u00e1s alto de contraer enfermedades, recalca el m\u00e9dico general Rub\u00e9n Rodr\u00edguez. <\/p>\n<p>El  galeno  agrega que no solo el sue\u00f1o tiene un papel fundamental en \u00abdisminuir\u00bb el riesgo de contraer esta  enfermedad , sino igualmente la  alimentaci\u00f3n . <\/p>\n<p>La asesora nutricional, Ana Cristina Guti\u00e9rrez, asegura que un 80% del sistema inmune est\u00e1 hospedado en el  tracto digestivo . Por tanto, para promover un adecuado estado de este, se deben consumir alimentos ricos en fibra proveniente de leguminosas, granos integrales, vegetales y frutas. <\/p>\n<p>Un  sistema inmune  fuerte tendr\u00e1 niveles de c\u00e9lulas blancas o leucocitos normales o altos para que su cuerpo \u00abluche\u00bb contra los virus y las bacterias de forma que estos no afecten su  salud , explica. <\/p>\n<p>Uno de los nutrientes primordiales para este trabajo es la  vitamina C , la cual promueve la formaci\u00f3n de col\u00e1geno, que forma parte de las membranas de las c\u00e9lulas, y mantiene barreras naturales contra las  infecciones , detallan los especialistas. <\/p>\n<p>Adem\u00e1s, dice Guti\u00e9rrez, la falta de hierro baja el  crecimiento celular  y la respuesta inmunol\u00f3gica. Por tanto, se debe consumir suficiente para mantenerlos los niveles adecuados en el organismo. <\/p>\n<p>\u00a0 <\/p>\n<p>\u00a0 <\/p>\n","protected":false},"excerpt":{"rendered":"<p>La gravedad de los s\u00edntomas o la cantidad de d\u00edas <a href=\"https:\/\/sertv.gob.pa\/nacionalfm\/que-puede-contribuir-a-empeorar-el-resfriado\/\"> [&#8230;]<\/a><\/p>\n","protected":false},"author":1,"featured_media":8160,"comment_status":"closed","ping_status":"closed","sticky":false,"template":"","format":"standard","meta":{"footnotes":""},"categories":[5],"tags":[],"class_list":["post-8159","post","type-post","status-publish","format-standard","has-post-thumbnail","hentry","category-salud"],"_links":{"self":[{"href":"https:\/\/sertv.gob.pa\/nacionalfm\/wp-json\/wp\/v2\/posts\/8159","targetHints":{"allow":["GET"]}}],"collection":[{"href":"https:\/\/sertv.gob.pa\/nacionalfm\/wp-json\/wp\/v2\/posts"}],"about":[{"href":"https:\/\/sertv.gob.pa\/nacionalfm\/wp-json\/wp\/v2\/types\/post"}],"author":[{"embeddable":true,"href":"https:\/\/sertv.gob.pa\/nacionalfm\/wp-json\/wp\/v2\/users\/1"}],"replies":[{"embeddable":true,"href":"https:\/\/sertv.gob.pa\/nacionalfm\/wp-json\/wp\/v2\/comments?post=8159"}],"version-history":[{"count":0,"href":"https:\/\/sertv.gob.pa\/nacionalfm\/wp-json\/wp\/v2\/posts\/8159\/revisions"}],"wp:featuredmedia":[{"embeddable":true,"href":"https:\/\/sertv.gob.pa\/nacionalfm\/wp-json\/wp\/v2\/media\/8160"}],"wp:attachment":[{"href":"https:\/\/sertv.gob.pa\/nacionalfm\/wp-json\/wp\/v2\/media?parent=8159"}],"wp:term":[{"taxonomy":"category","embeddable":true,"href":"https:\/\/sertv.gob.pa\/nacionalfm\/wp-json\/wp\/v2\/categories?post=8159"},{"taxonomy":"post_tag","embeddable":true,"href":"https:\/\/sertv.gob.pa\/nacionalfm\/wp-json\/wp\/v2\/tags?post=8159"}],"curies":[{"name":"wp","href":"https:\/\/api.w.org\/{rel}","templated":true}]}}