{"id":81715,"date":"2022-05-03T19:48:35","date_gmt":"2022-05-03T19:48:35","guid":{"rendered":"https:\/\/sertv.gob.pa\/nacionalfm\/?p=81715"},"modified":"2022-05-03T19:48:35","modified_gmt":"2022-05-03T19:48:35","slug":"biden-arremete-contra-rusia-en-el-dia-mundial-de-la-libertad-de-prensa","status":"publish","type":"post","link":"https:\/\/sertv.gob.pa\/nacionalfm\/biden-arremete-contra-rusia-en-el-dia-mundial-de-la-libertad-de-prensa\/","title":{"rendered":"Biden arremete contra Rusia en el D\u00eda Mundial de la Libertad de Prensa"},"content":{"rendered":"<p><strong><em>MADRID, (EUROPA PRESS) \u2013<\/em><\/strong><\/p>\n<p><strong><em>\u00a0<\/em><\/strong><\/p>\n<p>El presidente de Estados Unidos, Joe Biden, ha arremetido este martes contra Rusia con motivo del D\u00eda Mundial de la Libertad de Prensa, afirmando que el Kremlin ha \u00abreforzado\u00bb su control sobre la sociedad civil.<\/p>\n<p>Rusia ha aprobado una ley que criminaliza la \u00abdesinformaci\u00f3n\u00bb sobre la invasi\u00f3n de Ucrania, que en Mosc\u00fa y medios de comunicaci\u00f3n conocen como \u00aboperaci\u00f3n militar especial\u00bb.<\/p>\n<p>Biden ha censurado que la ley en cuesti\u00f3n est\u00e1 destinada a \u00absilenciar\u00bb a quienes dicen la verdad. \u00abFrente a la elecci\u00f3n de la represi\u00f3n y la censura o la amenaza de represalias, los periodistas rusos y otros miembros de los medios han tomado la dif\u00edcil decisi\u00f3n de huir de su pa\u00eds\u00bb, ha agregado.<\/p>\n<p>\u00abEste es el precio que los que trabajan en los medios de comunicaci\u00f3n y sus familias est\u00e1n pagando por contarnos la historia de la injusta y brutal guerra de (el presidente de Rusia, Vladimir) Putin en Ucrania\u00bb, ha continuado el presidente estadounidense, que ha resaltado la labor period\u00edstica.<\/p>\n<p>En este sentido, y advirtiendo de que actualmente son tiempos \u00abpeligrosos\u00bb para la libertad de expresi\u00f3n, ha resaltado que al menos once periodistas han sido asesinados en Ucrania en las \u00faltimas semanas, mientras que otros once han resultado heridos por fuego real. \u00abOtros han sido secuestrados y al menos uno est\u00e1 desaparecido\u00bb, ha remachado.<\/p>\n<p>\u00abLos periodistas cubren la guerra, exponen la corrupci\u00f3n, documentan los da\u00f1os medioambientales, alzan a los marginados, defienden nuestras comunidades y hacen que los poderosos rindan cuentas\u00bb, ha explicado. \u00abY, por esto, con demasiada frecuencia, son asesinados, encarcelados, son violados, amenazados y acosados\u00bb, ha agregado.<\/p>\n<p>Ha hecho una menci\u00f3n especial a las mujeres periodistas, \u00abque durante mucho tiempo han sido minor\u00eda en las redacciones y son objeto de estos ataques de manera desproporcionada, &#8216;online&#8217; y &#8216;offline'\u00bb.<\/p>\n<p>&nbsp;<\/p>\n<p>Fuente: EUROPA PRESS<\/p>\n","protected":false},"excerpt":{"rendered":"<p>MADRID, (EUROPA PRESS) \u2013 \u00a0 El presidente de Estados Unidos, <a href=\"https:\/\/sertv.gob.pa\/nacionalfm\/biden-arremete-contra-rusia-en-el-dia-mundial-de-la-libertad-de-prensa\/\"> [&#8230;]<\/a><\/p>\n","protected":false},"author":9,"featured_media":81716,"comment_status":"closed","ping_status":"closed","sticky":false,"template":"","format":"standard","meta":{"footnotes":""},"categories":[3],"tags":[],"class_list":["post-81715","post","type-post","status-publish","format-standard","has-post-thumbnail","hentry","category-internacionales"],"_links":{"self":[{"href":"https:\/\/sertv.gob.pa\/nacionalfm\/wp-json\/wp\/v2\/posts\/81715","targetHints":{"allow":["GET"]}}],"collection":[{"href":"https:\/\/sertv.gob.pa\/nacionalfm\/wp-json\/wp\/v2\/posts"}],"about":[{"href":"https:\/\/sertv.gob.pa\/nacionalfm\/wp-json\/wp\/v2\/types\/post"}],"author":[{"embeddable":true,"href":"https:\/\/sertv.gob.pa\/nacionalfm\/wp-json\/wp\/v2\/users\/9"}],"replies":[{"embeddable":true,"href":"https:\/\/sertv.gob.pa\/nacionalfm\/wp-json\/wp\/v2\/comments?post=81715"}],"version-history":[{"count":1,"href":"https:\/\/sertv.gob.pa\/nacionalfm\/wp-json\/wp\/v2\/posts\/81715\/revisions"}],"predecessor-version":[{"id":81717,"href":"https:\/\/sertv.gob.pa\/nacionalfm\/wp-json\/wp\/v2\/posts\/81715\/revisions\/81717"}],"wp:featuredmedia":[{"embeddable":true,"href":"https:\/\/sertv.gob.pa\/nacionalfm\/wp-json\/wp\/v2\/media\/81716"}],"wp:attachment":[{"href":"https:\/\/sertv.gob.pa\/nacionalfm\/wp-json\/wp\/v2\/media?parent=81715"}],"wp:term":[{"taxonomy":"category","embeddable":true,"href":"https:\/\/sertv.gob.pa\/nacionalfm\/wp-json\/wp\/v2\/categories?post=81715"},{"taxonomy":"post_tag","embeddable":true,"href":"https:\/\/sertv.gob.pa\/nacionalfm\/wp-json\/wp\/v2\/tags?post=81715"}],"curies":[{"name":"wp","href":"https:\/\/api.w.org\/{rel}","templated":true}]}}