{"id":81718,"date":"2022-05-03T20:16:50","date_gmt":"2022-05-03T20:16:50","guid":{"rendered":"https:\/\/sertv.gob.pa\/nacionalfm\/?p=81718"},"modified":"2022-05-03T20:16:50","modified_gmt":"2022-05-03T20:16:50","slug":"ucrania-agradece-a-la-oposicion-alemana-el-apoyo-militar-brindado-por-berlin-durante-la-guerra","status":"publish","type":"post","link":"https:\/\/sertv.gob.pa\/nacionalfm\/ucrania-agradece-a-la-oposicion-alemana-el-apoyo-militar-brindado-por-berlin-durante-la-guerra\/","title":{"rendered":"Ucrania agradece a la oposici\u00f3n alemana el apoyo militar brindado por Berl\u00edn durante la guerra"},"content":{"rendered":"<p><strong><em>MADRID, (EUROPA PRESS) \u2013<\/em><\/strong><\/p>\n<p><strong><em>\u00a0<\/em><\/strong><\/p>\n<p>El primer ministro de Ucrania, Denis Shmihal, ha agradecido este martes al l\u00edder a la oposici\u00f3n alemana, el democristiano Friedrich Merz, por la ayuda militar brindada por el pa\u00eds en la guerra que mantienen con Rusia.<\/p>\n<p>En su visita a Kiev, Merz ha subrayado la necesidad de endurecer las sanciones y apoyar el estatus de Ucrania a candidato a entrar en la Uni\u00f3n Europea, al mismo tiempo que ha agradecido la ayuda militar brindada por Alemania, ha contado Shmihal en Twitter.<\/p>\n<p>Antes de este encuentro, el primer ministro ucraniano ha agradecido tambi\u00e9n al resto de la comunidad internacional por el apoyo que han estado ofreciendo desde que el 24 de febrero los primeros tanques rusos cruzaran la frontera.<\/p>\n<p>\u00abUcrania ya ha recibido 4.500 millones de euros de nuestros socios y amigos internacionales. Durante la semana pasada, llegaron 500 millones de d\u00f3lares del Banco Mundial\u00bb, ha destacado Shmigal.<\/p>\n<p>El primer ministro ucraniano ha subrayado durante la \u00faltima reuni\u00f3n del Consejo de Ministros que esta ayuda se trata de una subvenci\u00f3n por lo que no tendr\u00e1 que ser devuelta. En ese sentido, ha se\u00f1alado que esta generosidad servir\u00e1 para respaldar nuevos programas de asistencia y de ayuda social.<\/p>\n<p>&nbsp;<\/p>\n<p>Fuente: EUROPA PRESS<\/p>\n","protected":false},"excerpt":{"rendered":"<p>MADRID, (EUROPA PRESS) \u2013 \u00a0 El primer ministro de Ucrania, <a href=\"https:\/\/sertv.gob.pa\/nacionalfm\/ucrania-agradece-a-la-oposicion-alemana-el-apoyo-militar-brindado-por-berlin-durante-la-guerra\/\"> [&#8230;]<\/a><\/p>\n","protected":false},"author":9,"featured_media":81719,"comment_status":"closed","ping_status":"closed","sticky":false,"template":"","format":"standard","meta":{"footnotes":""},"categories":[3],"tags":[],"class_list":["post-81718","post","type-post","status-publish","format-standard","has-post-thumbnail","hentry","category-internacionales"],"_links":{"self":[{"href":"https:\/\/sertv.gob.pa\/nacionalfm\/wp-json\/wp\/v2\/posts\/81718","targetHints":{"allow":["GET"]}}],"collection":[{"href":"https:\/\/sertv.gob.pa\/nacionalfm\/wp-json\/wp\/v2\/posts"}],"about":[{"href":"https:\/\/sertv.gob.pa\/nacionalfm\/wp-json\/wp\/v2\/types\/post"}],"author":[{"embeddable":true,"href":"https:\/\/sertv.gob.pa\/nacionalfm\/wp-json\/wp\/v2\/users\/9"}],"replies":[{"embeddable":true,"href":"https:\/\/sertv.gob.pa\/nacionalfm\/wp-json\/wp\/v2\/comments?post=81718"}],"version-history":[{"count":1,"href":"https:\/\/sertv.gob.pa\/nacionalfm\/wp-json\/wp\/v2\/posts\/81718\/revisions"}],"predecessor-version":[{"id":81720,"href":"https:\/\/sertv.gob.pa\/nacionalfm\/wp-json\/wp\/v2\/posts\/81718\/revisions\/81720"}],"wp:featuredmedia":[{"embeddable":true,"href":"https:\/\/sertv.gob.pa\/nacionalfm\/wp-json\/wp\/v2\/media\/81719"}],"wp:attachment":[{"href":"https:\/\/sertv.gob.pa\/nacionalfm\/wp-json\/wp\/v2\/media?parent=81718"}],"wp:term":[{"taxonomy":"category","embeddable":true,"href":"https:\/\/sertv.gob.pa\/nacionalfm\/wp-json\/wp\/v2\/categories?post=81718"},{"taxonomy":"post_tag","embeddable":true,"href":"https:\/\/sertv.gob.pa\/nacionalfm\/wp-json\/wp\/v2\/tags?post=81718"}],"curies":[{"name":"wp","href":"https:\/\/api.w.org\/{rel}","templated":true}]}}