{"id":81777,"date":"2022-05-04T19:23:09","date_gmt":"2022-05-04T19:23:09","guid":{"rendered":"https:\/\/sertv.gob.pa\/nacionalfm\/?p=81777"},"modified":"2022-05-04T19:23:09","modified_gmt":"2022-05-04T19:23:09","slug":"al-menos-veinte-muertos-y-una-treintena-de-heridos-a-causa-de-las-inundaciones-en-afganistan","status":"publish","type":"post","link":"https:\/\/sertv.gob.pa\/nacionalfm\/al-menos-veinte-muertos-y-una-treintena-de-heridos-a-causa-de-las-inundaciones-en-afganistan\/","title":{"rendered":"Al menos veinte muertos y una treintena de heridos a causa de las inundaciones en Afganist\u00e1n"},"content":{"rendered":"<p><strong><em>MADRID, (EUROPA PRESS) \u2013<\/em><\/strong><\/p>\n<p><strong><em>\u00a0<\/em><\/strong><\/p>\n<p>Al menos veinte personas han muerto y otras treinta han resultado heridas este mi\u00e9rcoles a ra\u00edz de las inundaciones que han golpeado diversas zonas de Afganist\u00e1n, donde varias personas se encuentran en paradero desconocido.<\/p>\n<p>Las autoridades del pa\u00eds calculan que decenas de provincias se han visto afectadas, seg\u00fan informaciones de la cadena de televisi\u00f3n Tolo News.<\/p>\n<p>As\u00ed, cientos de viviendas se han visto gravemente da\u00f1adas por las fuertes lluvias, que han causado estragos en zonas de cosecha y entre el ganado de las poblaciones que residen en zonas rurales.<\/p>\n<p>Las operaciones de b\u00fasqueda y rescate contin\u00faan a medida que la agencia meteorol\u00f3gica alerta de que las precipitaciones podr\u00edan afectar a casi una treintena de provincias, especialmente este jueves.<\/p>\n<p>&nbsp;<\/p>\n<p>Fuente: EUROPA PRESS<\/p>\n","protected":false},"excerpt":{"rendered":"<p>MADRID, (EUROPA PRESS) \u2013 \u00a0 Al menos veinte personas han <a href=\"https:\/\/sertv.gob.pa\/nacionalfm\/al-menos-veinte-muertos-y-una-treintena-de-heridos-a-causa-de-las-inundaciones-en-afganistan\/\"> [&#8230;]<\/a><\/p>\n","protected":false},"author":9,"featured_media":81778,"comment_status":"closed","ping_status":"closed","sticky":false,"template":"","format":"standard","meta":{"footnotes":""},"categories":[3],"tags":[],"class_list":["post-81777","post","type-post","status-publish","format-standard","has-post-thumbnail","hentry","category-internacionales"],"_links":{"self":[{"href":"https:\/\/sertv.gob.pa\/nacionalfm\/wp-json\/wp\/v2\/posts\/81777","targetHints":{"allow":["GET"]}}],"collection":[{"href":"https:\/\/sertv.gob.pa\/nacionalfm\/wp-json\/wp\/v2\/posts"}],"about":[{"href":"https:\/\/sertv.gob.pa\/nacionalfm\/wp-json\/wp\/v2\/types\/post"}],"author":[{"embeddable":true,"href":"https:\/\/sertv.gob.pa\/nacionalfm\/wp-json\/wp\/v2\/users\/9"}],"replies":[{"embeddable":true,"href":"https:\/\/sertv.gob.pa\/nacionalfm\/wp-json\/wp\/v2\/comments?post=81777"}],"version-history":[{"count":1,"href":"https:\/\/sertv.gob.pa\/nacionalfm\/wp-json\/wp\/v2\/posts\/81777\/revisions"}],"predecessor-version":[{"id":81780,"href":"https:\/\/sertv.gob.pa\/nacionalfm\/wp-json\/wp\/v2\/posts\/81777\/revisions\/81780"}],"wp:featuredmedia":[{"embeddable":true,"href":"https:\/\/sertv.gob.pa\/nacionalfm\/wp-json\/wp\/v2\/media\/81778"}],"wp:attachment":[{"href":"https:\/\/sertv.gob.pa\/nacionalfm\/wp-json\/wp\/v2\/media?parent=81777"}],"wp:term":[{"taxonomy":"category","embeddable":true,"href":"https:\/\/sertv.gob.pa\/nacionalfm\/wp-json\/wp\/v2\/categories?post=81777"},{"taxonomy":"post_tag","embeddable":true,"href":"https:\/\/sertv.gob.pa\/nacionalfm\/wp-json\/wp\/v2\/tags?post=81777"}],"curies":[{"name":"wp","href":"https:\/\/api.w.org\/{rel}","templated":true}]}}