{"id":81781,"date":"2022-05-04T19:45:06","date_gmt":"2022-05-04T19:45:06","guid":{"rendered":"https:\/\/sertv.gob.pa\/nacionalfm\/?p=81781"},"modified":"2022-05-04T19:45:06","modified_gmt":"2022-05-04T19:45:06","slug":"naciones-unidas-cifra-en-cerca-de-3-250-muertos-las-muertes-de-civiles-en-la-guerra-de-ucrania","status":"publish","type":"post","link":"https:\/\/sertv.gob.pa\/nacionalfm\/naciones-unidas-cifra-en-cerca-de-3-250-muertos-las-muertes-de-civiles-en-la-guerra-de-ucrania\/","title":{"rendered":"Naciones Unidas cifra en cerca de 3.250 muertos las muertes de civiles en la guerra de Ucrania"},"content":{"rendered":"<p><strong><em>MADRID, (EUROPA PRESS) \u2013<\/em><\/strong><\/p>\n<p><strong><em>\u00a0<\/em><\/strong><\/p>\n<p>Naciones Unidas ha mostrado este mi\u00e9rcoles en su \u00faltimo de balance de bajas durante la guerra de Ucrania que 3.238 civiles han muerto y otros 3.397 han resultado heridos desde que los tanques rusos cruzaran la frontera por primera vez el pasado 24 de febrero por orden del presidente, Vladimir Putin.<\/p>\n<p>Entre los fallecidos hay 227 menores de edad y otros 322 han resultado heridos. La gran parte de las muertes se han registrado en territorio controlado por el Gobierno ucraniano &#8211;1.599&#8211;, mientras que en las autoproclamadas rep\u00fablicas situadas en la regi\u00f3n de Donb\u00e1s son 493 los civiles muertos.<\/p>\n<p>\u00abLa mayor\u00eda de las bajas civiles registradas se debieron al uso de armas explosivas con una amplia \u00e1rea de impacto, como bombardeos de artiller\u00eda pesada, sistemas de lanzamiento de cohetes m\u00faltiples, ataques a\u00e9reos y misiles\u00bb, detalla el balance de Naciones Unidas.<\/p>\n<p>No obstante, la misi\u00f3n de la Oficina del Alto Comisionado de Naciones Unidas para los Derechos Humanos (ACNUDH) cree que las cifras reales son mucho m\u00e1s altas, puesto que la informaci\u00f3n sigue llegando con retraso de algunos lugares en los que contin\u00faan la hostilidad o bien se han intensificado.<\/p>\n<p>Son los casos, por ejemplo, de la asediada ciudad de Mari\u00fapol y Volnovaja, en la regi\u00f3n de Donetsk; Izium, en J\u00e1rkov; Severodonetsk y Rubizhne, en Lugansk; o Trostyanets, en Sumy; \u00abdonde hay denuncias de numerosas v\u00edctimas civiles\u00bb.<\/p>\n<p>&nbsp;<\/p>\n<p>Fuente: EUROPA PRESS<\/p>\n","protected":false},"excerpt":{"rendered":"<p>MADRID, (EUROPA PRESS) \u2013 \u00a0 Naciones Unidas ha mostrado este <a href=\"https:\/\/sertv.gob.pa\/nacionalfm\/naciones-unidas-cifra-en-cerca-de-3-250-muertos-las-muertes-de-civiles-en-la-guerra-de-ucrania\/\"> [&#8230;]<\/a><\/p>\n","protected":false},"author":9,"featured_media":81782,"comment_status":"closed","ping_status":"closed","sticky":false,"template":"","format":"standard","meta":{"footnotes":""},"categories":[3],"tags":[],"class_list":["post-81781","post","type-post","status-publish","format-standard","has-post-thumbnail","hentry","category-internacionales"],"_links":{"self":[{"href":"https:\/\/sertv.gob.pa\/nacionalfm\/wp-json\/wp\/v2\/posts\/81781","targetHints":{"allow":["GET"]}}],"collection":[{"href":"https:\/\/sertv.gob.pa\/nacionalfm\/wp-json\/wp\/v2\/posts"}],"about":[{"href":"https:\/\/sertv.gob.pa\/nacionalfm\/wp-json\/wp\/v2\/types\/post"}],"author":[{"embeddable":true,"href":"https:\/\/sertv.gob.pa\/nacionalfm\/wp-json\/wp\/v2\/users\/9"}],"replies":[{"embeddable":true,"href":"https:\/\/sertv.gob.pa\/nacionalfm\/wp-json\/wp\/v2\/comments?post=81781"}],"version-history":[{"count":1,"href":"https:\/\/sertv.gob.pa\/nacionalfm\/wp-json\/wp\/v2\/posts\/81781\/revisions"}],"predecessor-version":[{"id":81783,"href":"https:\/\/sertv.gob.pa\/nacionalfm\/wp-json\/wp\/v2\/posts\/81781\/revisions\/81783"}],"wp:featuredmedia":[{"embeddable":true,"href":"https:\/\/sertv.gob.pa\/nacionalfm\/wp-json\/wp\/v2\/media\/81782"}],"wp:attachment":[{"href":"https:\/\/sertv.gob.pa\/nacionalfm\/wp-json\/wp\/v2\/media?parent=81781"}],"wp:term":[{"taxonomy":"category","embeddable":true,"href":"https:\/\/sertv.gob.pa\/nacionalfm\/wp-json\/wp\/v2\/categories?post=81781"},{"taxonomy":"post_tag","embeddable":true,"href":"https:\/\/sertv.gob.pa\/nacionalfm\/wp-json\/wp\/v2\/tags?post=81781"}],"curies":[{"name":"wp","href":"https:\/\/api.w.org\/{rel}","templated":true}]}}