{"id":81828,"date":"2022-05-05T19:19:27","date_gmt":"2022-05-05T19:19:27","guid":{"rendered":"https:\/\/sertv.gob.pa\/nacionalfm\/?p=81828"},"modified":"2022-05-05T19:19:27","modified_gmt":"2022-05-05T19:19:27","slug":"el-clan-del-golfo-amenaza-con-un-paro-armado-por-la-extradicion-de-otoniel","status":"publish","type":"post","link":"https:\/\/sertv.gob.pa\/nacionalfm\/el-clan-del-golfo-amenaza-con-un-paro-armado-por-la-extradicion-de-otoniel\/","title":{"rendered":"El Clan del Golfo amenaza con un &#8216;paro armado&#8217; por la extradici\u00f3n de &#8216;Otoniel&#8217;"},"content":{"rendered":"<p><strong><em>MADRID, (EUROPA PRESS) \u2013<\/em><\/strong><\/p>\n<p>&nbsp;<\/p>\n<p>El grupo narcoparamilitar Clan del Golfo ha amenazado a los comerciantes y transportistas de varias localidades del noroeste de Colombia con un &#8216;paro armado&#8217; como consecuencia de la reciente extradici\u00f3n a Estados Unidos del que fuera su principal l\u00edder, Dairo Antonio \u00dasuga David, alias &#8216;Otoniel&#8217;, seg\u00fan la Polic\u00eda.<\/p>\n<p>De acuerdo con las autoridades colombianas, comerciantes y transportistas de algunos municipios de los departamentos de C\u00f3rdoba, Sucre y el Bajo Cauca antioque\u00f1o &#8211;zonas en las que operaba el grupo bajo su mando&#8211; han recibido amenazas para que cesen sus actividades bajo pena de ser \u00abdeclarados objetivos\u00bb.<\/p>\n<p>\u00abVarios comerciantes, especialmente del Bajo Cauca recibieron llamadas y a trav\u00e9s de redes sociales, anoche, en las que les advert\u00edan de que si abr\u00edan sus negocios ser\u00edan declarados objetivo\u00bb, ha se\u00f1alado fuentes de la Polic\u00eda Nacional de Colombia al diario &#8216;El Tiempo&#8217;.<\/p>\n<p>De acuerdo con estas mismas fuentes, el instigador de estas amenazas es Jes\u00fas \u00c1vila Villadiego, alias &#8216;Chiquito Malo&#8217;, quien pretende hacerse con el control del grupo tras el vac\u00edo de poder dejado por &#8216;Otoniel&#8217;, quien pas\u00f3 este jueves su primera noche en una c\u00e1rcel en Nueva York.<\/p>\n<p>&#8216;Chiquito Malo&#8217;, quien se disputa el control del Clan del Golfo con Wilmar Giraldo Quiroz, alias &#8216;Siopas&#8217;, habr\u00eda dado la orden de imponer un &#8216;paro armado&#8217; por espacio de cuatro d\u00edas, adem\u00e1s de lo que ellos han denominado como &#8216;plan pistola&#8217;, por el cual efectivos de las fuerzas del orden se convierten en objetivo.<\/p>\n<p>Considerado durante a\u00f1os como el principal jefe de la droga en Colombia, &#8216;Otoniel&#8217;, fue detenido en octubre de 2021. Desde entonces ha estado intentando desesperadamente evitar su extradici\u00f3n a Estados Unidos, donde ser\u00e1 juzgado por delitos relacionados con el narcotr\u00e1fico, a trav\u00e9s de la Jurisdicci\u00f3n Especial para la Paz (JEP), uno de los mecanismos de la Justicia para tratar el conflicto armado.<\/p>\n<p>Actualmente el Clan del Golfo est\u00e1 formado por unos 3.250 hombres y mujeres, repartidos en cuatro estructuras principales que a su vez se dividen en 22 subestructuras repartidas en doce departamentos.<\/p>\n<p>&nbsp;<\/p>\n<p>Fuente: EUROPA PRESS<\/p>\n","protected":false},"excerpt":{"rendered":"<p>MADRID, (EUROPA PRESS) \u2013 &nbsp; El grupo narcoparamilitar Clan del <a href=\"https:\/\/sertv.gob.pa\/nacionalfm\/el-clan-del-golfo-amenaza-con-un-paro-armado-por-la-extradicion-de-otoniel\/\"> [&#8230;]<\/a><\/p>\n","protected":false},"author":9,"featured_media":81829,"comment_status":"closed","ping_status":"closed","sticky":false,"template":"","format":"standard","meta":{"footnotes":""},"categories":[3],"tags":[],"class_list":["post-81828","post","type-post","status-publish","format-standard","has-post-thumbnail","hentry","category-internacionales"],"_links":{"self":[{"href":"https:\/\/sertv.gob.pa\/nacionalfm\/wp-json\/wp\/v2\/posts\/81828","targetHints":{"allow":["GET"]}}],"collection":[{"href":"https:\/\/sertv.gob.pa\/nacionalfm\/wp-json\/wp\/v2\/posts"}],"about":[{"href":"https:\/\/sertv.gob.pa\/nacionalfm\/wp-json\/wp\/v2\/types\/post"}],"author":[{"embeddable":true,"href":"https:\/\/sertv.gob.pa\/nacionalfm\/wp-json\/wp\/v2\/users\/9"}],"replies":[{"embeddable":true,"href":"https:\/\/sertv.gob.pa\/nacionalfm\/wp-json\/wp\/v2\/comments?post=81828"}],"version-history":[{"count":1,"href":"https:\/\/sertv.gob.pa\/nacionalfm\/wp-json\/wp\/v2\/posts\/81828\/revisions"}],"predecessor-version":[{"id":81830,"href":"https:\/\/sertv.gob.pa\/nacionalfm\/wp-json\/wp\/v2\/posts\/81828\/revisions\/81830"}],"wp:featuredmedia":[{"embeddable":true,"href":"https:\/\/sertv.gob.pa\/nacionalfm\/wp-json\/wp\/v2\/media\/81829"}],"wp:attachment":[{"href":"https:\/\/sertv.gob.pa\/nacionalfm\/wp-json\/wp\/v2\/media?parent=81828"}],"wp:term":[{"taxonomy":"category","embeddable":true,"href":"https:\/\/sertv.gob.pa\/nacionalfm\/wp-json\/wp\/v2\/categories?post=81828"},{"taxonomy":"post_tag","embeddable":true,"href":"https:\/\/sertv.gob.pa\/nacionalfm\/wp-json\/wp\/v2\/tags?post=81828"}],"curies":[{"name":"wp","href":"https:\/\/api.w.org\/{rel}","templated":true}]}}