{"id":8189,"date":"2015-10-15T18:50:03","date_gmt":"2015-10-15T18:50:03","guid":{"rendered":""},"modified":"2015-10-15T18:50:03","modified_gmt":"2015-10-15T18:50:03","slug":"osteoporosis-la-enfermedad-silenciosa-de-los-huesos","status":"publish","type":"post","link":"https:\/\/sertv.gob.pa\/nacionalfm\/osteoporosis-la-enfermedad-silenciosa-de-los-huesos\/","title":{"rendered":"Osteoporosis, la enfermedad silenciosa de los huesos"},"content":{"rendered":"<p>\nEl hueso es el tejido vivo que conforma el esqueleto humano; el \u00f3rgano m\u00e1s fuerte del cuerpo, siempre que su proceso natural de regeneraci\u00f3n se mantenga balanceado. Esto sucede cuando el volumen de hueso viejo reabsorbido y degradado es equivalente a la cantidad de hueso nuevo generado para reemplazarlo. <\/p>\n<p>Pero si por distintos factores, se destruye m\u00e1s cantidad de hueso de la que se reconstituye, eventualmente se desarrolla una condici\u00f3n conocida como osteoporosis (hueso poroso). <\/p>\n<p>&lsquo;Es un hueso que est\u00e1 d\u00e9bil porque su masa se ha vuelto m\u00e1s delgada de lo que deber\u00eda ser y puede ocasionar fracturas a\u00fan sin experimentar un trauma severo&#8217;, explica la Dra. Aldi L\u00f3pez, cirujana de columna, ortopeda y traumat\u00f3loga. <\/p>\n<p>\u00a0 <\/p>\n","protected":false},"excerpt":{"rendered":"<p>El hueso es el tejido vivo que conforma el esqueleto <a href=\"https:\/\/sertv.gob.pa\/nacionalfm\/osteoporosis-la-enfermedad-silenciosa-de-los-huesos\/\"> [&#8230;]<\/a><\/p>\n","protected":false},"author":1,"featured_media":8190,"comment_status":"closed","ping_status":"closed","sticky":false,"template":"","format":"standard","meta":{"footnotes":""},"categories":[5],"tags":[],"class_list":["post-8189","post","type-post","status-publish","format-standard","has-post-thumbnail","hentry","category-salud"],"_links":{"self":[{"href":"https:\/\/sertv.gob.pa\/nacionalfm\/wp-json\/wp\/v2\/posts\/8189","targetHints":{"allow":["GET"]}}],"collection":[{"href":"https:\/\/sertv.gob.pa\/nacionalfm\/wp-json\/wp\/v2\/posts"}],"about":[{"href":"https:\/\/sertv.gob.pa\/nacionalfm\/wp-json\/wp\/v2\/types\/post"}],"author":[{"embeddable":true,"href":"https:\/\/sertv.gob.pa\/nacionalfm\/wp-json\/wp\/v2\/users\/1"}],"replies":[{"embeddable":true,"href":"https:\/\/sertv.gob.pa\/nacionalfm\/wp-json\/wp\/v2\/comments?post=8189"}],"version-history":[{"count":0,"href":"https:\/\/sertv.gob.pa\/nacionalfm\/wp-json\/wp\/v2\/posts\/8189\/revisions"}],"wp:featuredmedia":[{"embeddable":true,"href":"https:\/\/sertv.gob.pa\/nacionalfm\/wp-json\/wp\/v2\/media\/8190"}],"wp:attachment":[{"href":"https:\/\/sertv.gob.pa\/nacionalfm\/wp-json\/wp\/v2\/media?parent=8189"}],"wp:term":[{"taxonomy":"category","embeddable":true,"href":"https:\/\/sertv.gob.pa\/nacionalfm\/wp-json\/wp\/v2\/categories?post=8189"},{"taxonomy":"post_tag","embeddable":true,"href":"https:\/\/sertv.gob.pa\/nacionalfm\/wp-json\/wp\/v2\/tags?post=8189"}],"curies":[{"name":"wp","href":"https:\/\/api.w.org\/{rel}","templated":true}]}}