{"id":81892,"date":"2022-05-06T19:13:17","date_gmt":"2022-05-06T19:13:17","guid":{"rendered":"https:\/\/sertv.gob.pa\/nacionalfm\/?p=81892"},"modified":"2022-05-06T19:13:17","modified_gmt":"2022-05-06T19:13:17","slug":"al-menos-cuatro-muertos-tras-la-potente-explosion-en-el-hotel-saratoga-del-centro-de-la-habana","status":"publish","type":"post","link":"https:\/\/sertv.gob.pa\/nacionalfm\/al-menos-cuatro-muertos-tras-la-potente-explosion-en-el-hotel-saratoga-del-centro-de-la-habana\/","title":{"rendered":"Al menos cuatro muertos tras la potente explosi\u00f3n en el Hotel Saratoga del centro de La Habana"},"content":{"rendered":"<p>La Presidencia de Cuba achaca la explosi\u00f3n a un escape de gas, seg\u00fan investigaciones preliminares<\/p>\n<p><strong><em>MADRID, (EUROPA PRESS) &#8211;<\/em><\/strong><\/p>\n<p>Al menos cuatro personas han muerto y 13 permanecen desaparecidas tras la potente explosi\u00f3n que ha provocado este viernes graves destrozos en el emblem\u00e1tico Hotel Saratoga de La Habana, situado en el centro de la capital cubana, seg\u00fan ha confirmado la Presidencia de Cuba a trav\u00e9s de la red social Twitter.<\/p>\n<p>El primer secretario del Partido Comunista en La Habana, Luis Antonio Torres Ir\u00edbar, ha confirmado la cifra de fallecidos y ha matizado que los trabajos de b\u00fasqueda y rescate en el hotel contin\u00faan, ya que es posible que haya m\u00e1s personas atrapadas.<\/p>\n<p>El incidente se produjo en torno a la 10.50 (hora local), sin que se tenga constancia a\u00fan de las causas, seg\u00fan 14 y medio. El portal oficial Cubadebate tambi\u00e9n recoge este suceso, haci\u00e9ndose eco de im\u00e1genes publicadas en redes sociales.<\/p>\n<p>La Presidencia de Cuba ha informado a trav\u00e9s de su cuenta en la red social Twitter de que las investigaciones preliminares indican que la explosi\u00f3n ha sido provocada por un escape de gas y ha avanzado que dar\u00e1 m\u00e1s detalles sobre el suceso \u00abpr\u00f3ximamente\u00bb.<\/p>\n<p>El presidente de Cuba, Miguel D\u00edaz-Canel, se ha desplazado al lugar del suceso, acompa\u00f1ado del primer ministro cubano, Manuel Marrero, y el presidente de la Asamblea Nacional de Cuba, Esteban Lazo. La Presidencia cubana ha difundido fotograf\u00edas en las que puede verse al presidente en el lugar de los hechos a trav\u00e9s de redes sociales.<\/p>\n<p>El hotel est\u00e1 situado en La Habana Vieja, cerca del Capitolio. Hasta la zona se han trasladado el Comando de Salvamento y Rescate del Cuerpo de Bomberos, as\u00ed como funcionarios del Ministerio del Interior, seg\u00fan el diario &#8216;Granma&#8217;. La explosi\u00f3n ha causado tambi\u00e9n da\u00f1os en un edificio de viviendas y en una escuela cercanos.<\/p>\n<p>El hotel Saratoga, de cinco estrellas, es pr\u00e1cticamente centenario, aunque su actual etapa comenz\u00f3 en diciembre de 2005, cuando reabri\u00f3 sus puertas. Cuenta con un total de 96 habitaciones, seg\u00fan consta en su p\u00e1gina web.<\/p>\n<p>&nbsp;<\/p>\n<p>Fuente: EUROPA PRESS<\/p>\n","protected":false},"excerpt":{"rendered":"<p>La Presidencia de Cuba achaca la explosi\u00f3n a un escape <a href=\"https:\/\/sertv.gob.pa\/nacionalfm\/al-menos-cuatro-muertos-tras-la-potente-explosion-en-el-hotel-saratoga-del-centro-de-la-habana\/\"> [&#8230;]<\/a><\/p>\n","protected":false},"author":9,"featured_media":81893,"comment_status":"closed","ping_status":"closed","sticky":false,"template":"","format":"standard","meta":{"footnotes":""},"categories":[3],"tags":[],"class_list":["post-81892","post","type-post","status-publish","format-standard","has-post-thumbnail","hentry","category-internacionales"],"_links":{"self":[{"href":"https:\/\/sertv.gob.pa\/nacionalfm\/wp-json\/wp\/v2\/posts\/81892","targetHints":{"allow":["GET"]}}],"collection":[{"href":"https:\/\/sertv.gob.pa\/nacionalfm\/wp-json\/wp\/v2\/posts"}],"about":[{"href":"https:\/\/sertv.gob.pa\/nacionalfm\/wp-json\/wp\/v2\/types\/post"}],"author":[{"embeddable":true,"href":"https:\/\/sertv.gob.pa\/nacionalfm\/wp-json\/wp\/v2\/users\/9"}],"replies":[{"embeddable":true,"href":"https:\/\/sertv.gob.pa\/nacionalfm\/wp-json\/wp\/v2\/comments?post=81892"}],"version-history":[{"count":1,"href":"https:\/\/sertv.gob.pa\/nacionalfm\/wp-json\/wp\/v2\/posts\/81892\/revisions"}],"predecessor-version":[{"id":81895,"href":"https:\/\/sertv.gob.pa\/nacionalfm\/wp-json\/wp\/v2\/posts\/81892\/revisions\/81895"}],"wp:featuredmedia":[{"embeddable":true,"href":"https:\/\/sertv.gob.pa\/nacionalfm\/wp-json\/wp\/v2\/media\/81893"}],"wp:attachment":[{"href":"https:\/\/sertv.gob.pa\/nacionalfm\/wp-json\/wp\/v2\/media?parent=81892"}],"wp:term":[{"taxonomy":"category","embeddable":true,"href":"https:\/\/sertv.gob.pa\/nacionalfm\/wp-json\/wp\/v2\/categories?post=81892"},{"taxonomy":"post_tag","embeddable":true,"href":"https:\/\/sertv.gob.pa\/nacionalfm\/wp-json\/wp\/v2\/tags?post=81892"}],"curies":[{"name":"wp","href":"https:\/\/api.w.org\/{rel}","templated":true}]}}