{"id":81896,"date":"2022-05-06T19:22:23","date_gmt":"2022-05-06T19:22:23","guid":{"rendered":"https:\/\/sertv.gob.pa\/nacionalfm\/?p=81896"},"modified":"2022-05-06T19:22:23","modified_gmt":"2022-05-06T19:22:23","slug":"evacuan-a-doce-civiles-de-la-planta-de-azovstal-incluidos-cuatro-ninos","status":"publish","type":"post","link":"https:\/\/sertv.gob.pa\/nacionalfm\/evacuan-a-doce-civiles-de-la-planta-de-azovstal-incluidos-cuatro-ninos\/","title":{"rendered":"Evacuan a doce civiles de la planta de Azovstal, incluidos cuatro ni\u00f1os"},"content":{"rendered":"<p><strong><em>MADRID (EUROPA PRESS) \u2013<\/em><\/strong><\/p>\n<p><strong><em>\u00a0<\/em><\/strong><\/p>\n<p>Las autoridades de la autoproclamada rep\u00fablica de Donetsk han informado de que doce civiles, incluidos cuatro ni\u00f1os, han sido evacuados este viernes de la planta sider\u00fargica de Azovstal, en la ciudad de Mari\u00fapol.<\/p>\n<p>Con este ya son cuatro d\u00edas consecutivos que civiles abandonan la planta metal\u00fargica donde se refugian del asedio ruso a la ciudad portuaria de Mari\u00fapol, ubicada en el sureste de Ucrania, a orillas del mar de Azov.<\/p>\n<p>Estos corredores de evacuaci\u00f3n fueron acordados por Rusia y Ucrania con la colaboraci\u00f3n de Naciones Unidas y el Comit\u00e9 Internacional de la Cruz Roja tras la mediaci\u00f3n del secretario general de la ONU, Ant\u00f3nio Guterres, con los presidentes ruso y ucraniano, Vladimir Putin y Volodimir Zelenski, respectivamente.<\/p>\n<p>El portavoz del Kremlin, Dimitri Peskov, compar\u00f3 el jueves las peticiones de los militares ucranianos que se encuentran en la planta de Azovstal con las realizadas por los \u00abterroristas\u00bb en Siria.<\/p>\n<p>Los militares presentes en la zona han sugerido el intercambio de civiles que a\u00fan no han podido ser evacuados a cambio de alimentos y medicinas. Por su parte, el ministro de Defensa ruso, Sergei Shoigu, afirm\u00f3 anteriormente que las fuerzas ucranianas que permanecen en la zona han sido \u00abbloqueadas de forma segura\u00bb para que no abandonen la zona.<\/p>\n<p>&nbsp;<\/p>\n<p>Fuente: EUROPA PRESS<\/p>\n","protected":false},"excerpt":{"rendered":"<p>MADRID (EUROPA PRESS) \u2013 \u00a0 Las autoridades de la autoproclamada <a href=\"https:\/\/sertv.gob.pa\/nacionalfm\/evacuan-a-doce-civiles-de-la-planta-de-azovstal-incluidos-cuatro-ninos\/\"> [&#8230;]<\/a><\/p>\n","protected":false},"author":9,"featured_media":81897,"comment_status":"closed","ping_status":"closed","sticky":false,"template":"","format":"standard","meta":{"footnotes":""},"categories":[3],"tags":[],"class_list":["post-81896","post","type-post","status-publish","format-standard","has-post-thumbnail","hentry","category-internacionales"],"_links":{"self":[{"href":"https:\/\/sertv.gob.pa\/nacionalfm\/wp-json\/wp\/v2\/posts\/81896","targetHints":{"allow":["GET"]}}],"collection":[{"href":"https:\/\/sertv.gob.pa\/nacionalfm\/wp-json\/wp\/v2\/posts"}],"about":[{"href":"https:\/\/sertv.gob.pa\/nacionalfm\/wp-json\/wp\/v2\/types\/post"}],"author":[{"embeddable":true,"href":"https:\/\/sertv.gob.pa\/nacionalfm\/wp-json\/wp\/v2\/users\/9"}],"replies":[{"embeddable":true,"href":"https:\/\/sertv.gob.pa\/nacionalfm\/wp-json\/wp\/v2\/comments?post=81896"}],"version-history":[{"count":1,"href":"https:\/\/sertv.gob.pa\/nacionalfm\/wp-json\/wp\/v2\/posts\/81896\/revisions"}],"predecessor-version":[{"id":81898,"href":"https:\/\/sertv.gob.pa\/nacionalfm\/wp-json\/wp\/v2\/posts\/81896\/revisions\/81898"}],"wp:featuredmedia":[{"embeddable":true,"href":"https:\/\/sertv.gob.pa\/nacionalfm\/wp-json\/wp\/v2\/media\/81897"}],"wp:attachment":[{"href":"https:\/\/sertv.gob.pa\/nacionalfm\/wp-json\/wp\/v2\/media?parent=81896"}],"wp:term":[{"taxonomy":"category","embeddable":true,"href":"https:\/\/sertv.gob.pa\/nacionalfm\/wp-json\/wp\/v2\/categories?post=81896"},{"taxonomy":"post_tag","embeddable":true,"href":"https:\/\/sertv.gob.pa\/nacionalfm\/wp-json\/wp\/v2\/tags?post=81896"}],"curies":[{"name":"wp","href":"https:\/\/api.w.org\/{rel}","templated":true}]}}