{"id":81948,"date":"2022-05-09T18:19:08","date_gmt":"2022-05-09T18:19:08","guid":{"rendered":"https:\/\/sertv.gob.pa\/nacionalfm\/?p=81948"},"modified":"2022-05-09T18:19:08","modified_gmt":"2022-05-09T18:19:08","slug":"mas-de-320-migrantes-son-rescatados-en-aguas-del-mediterraneo-a-lo-largo-del-fin-de-semana","status":"publish","type":"post","link":"https:\/\/sertv.gob.pa\/nacionalfm\/mas-de-320-migrantes-son-rescatados-en-aguas-del-mediterraneo-a-lo-largo-del-fin-de-semana\/","title":{"rendered":"M\u00e1s de 320 migrantes son rescatados en aguas del Mediterr\u00e1neo a lo largo del fin de semana"},"content":{"rendered":"<p><strong><em>MADRID, (EUROPA PRESS) \u2013<\/em><\/strong><\/p>\n<p><strong><em>\u00a0<\/em><\/strong><\/p>\n<p>Varias operaciones de organizaciones de rescate han logrado salvar a lo largo del fin de semana a m\u00e1s de 320 migrantes a la deriva en aguas del Mediterr\u00e1neo.<\/p>\n<p>En primer lugar, el viernes, un carguero alem\u00e1n de la naviera Hamburgo Hapag-Lloyd colabor\u00f3 con el rescate de 34 migrantes que navegaban en un bote de madera. Si bien la tripulaci\u00f3n no logr\u00f3 poner a salvo a los migrantes sin poner en riesgo su propia vida, proporcion\u00f3 alimentos y agua potable a los n\u00e1ufragos y los acompa\u00f1\u00f3 hasta la aparici\u00f3n de un barco de la ONG alemana Sea Eye.<\/p>\n<p>La propia organizaci\u00f3n ha emitido un comunicado en el que explica la situaci\u00f3n y acusa a las autoridades de salvamento de Malta de \u00abviolar repetidamente sus obligaciones\u00bb pues los migrantes se encontraban en la Zona de B\u00fasqueda y Rescate de la naci\u00f3n insular.<\/p>\n<p>M\u00e1s tarde, en la noche del domingo, la organizaci\u00f3n Sea Watch logr\u00f3 rescatar a otras 88 personas que estaban en peligro en el mar, que subieron a bordo del nav\u00edo &#8216;Sea Watch 4&#8217; y se unieron a las 57 personas que ya hab\u00edan sido rescatadas previamente, seg\u00fan detalla la ONG en sus redes sociales.<\/p>\n<p>Por \u00faltimo, la ONG M\u00e9dicos sin Fronteras ha empleado tambi\u00e9n sus redes sociales para informar de que en la ma\u00f1ana de este lunes se ha realizado el rescate de 200 personas de dos balsas en medio del mar Mediterr\u00e1neo.<\/p>\n<p>Los migrantes ahora viajan a salvo en el barco &#8216;Geo Barents&#8217;, aunque M\u00e9dicos sin Fronteras ha denunciado la actitud de los guardacostas libios, que han navegado a escasa distancia de su embarcaci\u00f3n.<\/p>\n<p>La Organizaci\u00f3n Internacional para las Migraciones (OIM) recoge en su p\u00e1gina web que, desde el a\u00f1o 2014, m\u00e1s de 23.980 migrantes han desaparecido en aguas del Mediterr\u00e1neo, 646 de ellas en lo que va de 2022.<\/p>\n<p>&nbsp;<\/p>\n<p>Fuente: EUROPA PRESS<\/p>\n<p>&nbsp;<\/p>\n","protected":false},"excerpt":{"rendered":"<p>MADRID, (EUROPA PRESS) \u2013 \u00a0 Varias operaciones de organizaciones de <a href=\"https:\/\/sertv.gob.pa\/nacionalfm\/mas-de-320-migrantes-son-rescatados-en-aguas-del-mediterraneo-a-lo-largo-del-fin-de-semana\/\"> [&#8230;]<\/a><\/p>\n","protected":false},"author":9,"featured_media":81949,"comment_status":"closed","ping_status":"closed","sticky":false,"template":"","format":"standard","meta":{"footnotes":""},"categories":[3],"tags":[],"class_list":["post-81948","post","type-post","status-publish","format-standard","has-post-thumbnail","hentry","category-internacionales"],"_links":{"self":[{"href":"https:\/\/sertv.gob.pa\/nacionalfm\/wp-json\/wp\/v2\/posts\/81948","targetHints":{"allow":["GET"]}}],"collection":[{"href":"https:\/\/sertv.gob.pa\/nacionalfm\/wp-json\/wp\/v2\/posts"}],"about":[{"href":"https:\/\/sertv.gob.pa\/nacionalfm\/wp-json\/wp\/v2\/types\/post"}],"author":[{"embeddable":true,"href":"https:\/\/sertv.gob.pa\/nacionalfm\/wp-json\/wp\/v2\/users\/9"}],"replies":[{"embeddable":true,"href":"https:\/\/sertv.gob.pa\/nacionalfm\/wp-json\/wp\/v2\/comments?post=81948"}],"version-history":[{"count":1,"href":"https:\/\/sertv.gob.pa\/nacionalfm\/wp-json\/wp\/v2\/posts\/81948\/revisions"}],"predecessor-version":[{"id":81952,"href":"https:\/\/sertv.gob.pa\/nacionalfm\/wp-json\/wp\/v2\/posts\/81948\/revisions\/81952"}],"wp:featuredmedia":[{"embeddable":true,"href":"https:\/\/sertv.gob.pa\/nacionalfm\/wp-json\/wp\/v2\/media\/81949"}],"wp:attachment":[{"href":"https:\/\/sertv.gob.pa\/nacionalfm\/wp-json\/wp\/v2\/media?parent=81948"}],"wp:term":[{"taxonomy":"category","embeddable":true,"href":"https:\/\/sertv.gob.pa\/nacionalfm\/wp-json\/wp\/v2\/categories?post=81948"},{"taxonomy":"post_tag","embeddable":true,"href":"https:\/\/sertv.gob.pa\/nacionalfm\/wp-json\/wp\/v2\/tags?post=81948"}],"curies":[{"name":"wp","href":"https:\/\/api.w.org\/{rel}","templated":true}]}}