{"id":81953,"date":"2022-05-09T18:45:56","date_gmt":"2022-05-09T18:45:56","guid":{"rendered":"https:\/\/sertv.gob.pa\/nacionalfm\/?p=81953"},"modified":"2022-05-09T18:45:56","modified_gmt":"2022-05-09T18:45:56","slug":"al-menos-tres-muertos-y-30-heridos-tras-una-avalancha-en-una-reunion-estudiantil-en-bolivia","status":"publish","type":"post","link":"https:\/\/sertv.gob.pa\/nacionalfm\/al-menos-tres-muertos-y-30-heridos-tras-una-avalancha-en-una-reunion-estudiantil-en-bolivia\/","title":{"rendered":"Al menos tres muertos y 30 heridos tras una avalancha en una reuni\u00f3n estudiantil en Bolivia"},"content":{"rendered":"<p><strong><em>MADRID, (EUROPA PRESS) \u2013<\/em><\/strong><\/p>\n<p><strong><em>\u00a0<\/em><\/strong><\/p>\n<p>Al menos tres personas han fallecido, todas ellas mujeres, y otras 30 han resultado heridas en una avalancha producida en una reuni\u00f3n estudiantil en Bolivia despu\u00e9s de que un grupo de desconocidos lanzasen botes de gas al interior del auditorio.<\/p>\n<p>As\u00ed lo ha confirmado el rector de la Universidad Tom\u00e1s Fr\u00edas de Potos\u00ed, Pedro L\u00f3pez, quien ha denunciado un \u00abacto de delincuencia\u00bb y ha trasladado que el centro educativo est\u00e1 ahora de luto por los tr\u00e1gicos acontecimientos. Sin embargo, medios de comunicaci\u00f3n bolivianos apuntan que la cifra de heridos podr\u00eda ser m\u00e1s del doble, ascendiendo a unas 70 personas.<\/p>\n<p>L\u00f3pez ha presentado tambi\u00e9n ante la Polic\u00eda y la Fiscal\u00eda la denuncia pertinente para iniciar las investigaciones oportunas que concluyan con la detenci\u00f3n de los responsables del suceso, seg\u00fan recoge el diario boliviano &#8216;Los Tiempos&#8217;.<\/p>\n<p>Por su parte, el comandante de la Polic\u00eda de Potos\u00ed, Bernardo Isnado, ha asegurado que ha ordenado movilizar a todas sus unidades de investigaci\u00f3n e inteligencia para, en las pr\u00f3ximas horas, poder contar con alg\u00fan informe sobre lo ocurrido.<\/p>\n<p>&nbsp;<\/p>\n<p>Fuente: EUROPA PRESS<\/p>\n<p>&nbsp;<\/p>\n","protected":false},"excerpt":{"rendered":"<p>MADRID, (EUROPA PRESS) \u2013 \u00a0 Al menos tres personas han <a href=\"https:\/\/sertv.gob.pa\/nacionalfm\/al-menos-tres-muertos-y-30-heridos-tras-una-avalancha-en-una-reunion-estudiantil-en-bolivia\/\"> [&#8230;]<\/a><\/p>\n","protected":false},"author":9,"featured_media":81955,"comment_status":"closed","ping_status":"closed","sticky":false,"template":"","format":"standard","meta":{"footnotes":""},"categories":[3],"tags":[],"class_list":["post-81953","post","type-post","status-publish","format-standard","has-post-thumbnail","hentry","category-internacionales"],"_links":{"self":[{"href":"https:\/\/sertv.gob.pa\/nacionalfm\/wp-json\/wp\/v2\/posts\/81953","targetHints":{"allow":["GET"]}}],"collection":[{"href":"https:\/\/sertv.gob.pa\/nacionalfm\/wp-json\/wp\/v2\/posts"}],"about":[{"href":"https:\/\/sertv.gob.pa\/nacionalfm\/wp-json\/wp\/v2\/types\/post"}],"author":[{"embeddable":true,"href":"https:\/\/sertv.gob.pa\/nacionalfm\/wp-json\/wp\/v2\/users\/9"}],"replies":[{"embeddable":true,"href":"https:\/\/sertv.gob.pa\/nacionalfm\/wp-json\/wp\/v2\/comments?post=81953"}],"version-history":[{"count":1,"href":"https:\/\/sertv.gob.pa\/nacionalfm\/wp-json\/wp\/v2\/posts\/81953\/revisions"}],"predecessor-version":[{"id":81956,"href":"https:\/\/sertv.gob.pa\/nacionalfm\/wp-json\/wp\/v2\/posts\/81953\/revisions\/81956"}],"wp:featuredmedia":[{"embeddable":true,"href":"https:\/\/sertv.gob.pa\/nacionalfm\/wp-json\/wp\/v2\/media\/81955"}],"wp:attachment":[{"href":"https:\/\/sertv.gob.pa\/nacionalfm\/wp-json\/wp\/v2\/media?parent=81953"}],"wp:term":[{"taxonomy":"category","embeddable":true,"href":"https:\/\/sertv.gob.pa\/nacionalfm\/wp-json\/wp\/v2\/categories?post=81953"},{"taxonomy":"post_tag","embeddable":true,"href":"https:\/\/sertv.gob.pa\/nacionalfm\/wp-json\/wp\/v2\/tags?post=81953"}],"curies":[{"name":"wp","href":"https:\/\/api.w.org\/{rel}","templated":true}]}}