{"id":81957,"date":"2022-05-09T19:18:21","date_gmt":"2022-05-09T19:18:21","guid":{"rendered":"https:\/\/sertv.gob.pa\/nacionalfm\/?p=81957"},"modified":"2022-05-09T19:18:21","modified_gmt":"2022-05-09T19:18:21","slug":"un-avion-aborta-el-aterrizaje-a-ultima-hora-para-no-estrellarse-con-otro-en-ciudad-de-mexico","status":"publish","type":"post","link":"https:\/\/sertv.gob.pa\/nacionalfm\/un-avion-aborta-el-aterrizaje-a-ultima-hora-para-no-estrellarse-con-otro-en-ciudad-de-mexico\/","title":{"rendered":"Un avi\u00f3n aborta el aterrizaje a \u00faltima hora para no estrellarse con otro en Ciudad de M\u00e9xico"},"content":{"rendered":"<p>El director general de Servicios a la Navegaci\u00f3n en el Espacio A\u00e9reo Mexicano ha presentado su dimisi\u00f3n irrevocable<\/p>\n<p><strong><em>MADRID, (EUROPA PRESS) \u2013<\/em><\/strong><\/p>\n<p><strong><em>\u00a0<\/em><\/strong><\/p>\n<p>Un avi\u00f3n de pasajeros se vio obligado abortar a \u00faltima hora el aterrizaje en el Aeropuerto Internacional de Ciudad de M\u00e9xico (AICM) tras constatar que la pista no estaba libre, sino ocupada por otra aeronave, en un \u00abincidente de aproximaci\u00f3n\u00bb que el Gobierno ya investiga.<\/p>\n<p>Las im\u00e1genes han sido difundidas en redes sociales, donde desde la cabina de un tercer avi\u00f3n y con las c\u00e1maras de seguridad del propio aeropuerto se captan tanto las maniobras de aproximaci\u00f3n a pista como los permisos concedidos desde la torre de control para el aterrizaje, abortado &#8216;in extremis&#8217; gracias al aviso dado por pilotos en tierra.<\/p>\n<p>Los dos aviones directamente implicados eran Airbus A320 de la compa\u00f1\u00eda Volaris, seg\u00fan el Gobierno. El que se acercaba a pista llegaba a la capital mexicana procedente de Sinaloa, mientras que el que esperaba para despegar ten\u00eda por rumbo Guatemala.<\/p>\n<p>Tras el incidente, el director general de Servicios a la Navegaci\u00f3n en el Espacio A\u00e9reo Mexicano (SENEAM), V\u00edctor Manuel Hern\u00e1ndez Sandoval, ha dimitido de manera irrevocable despu\u00e9s de que la Federaci\u00f3n Internacional de Pilotos de L\u00edneas A\u00e9reas (IFALPA, por sus siglas en ingl\u00e9s) alertara de diversos incidentes en la llegada de aviones al Aeropuerto Internacional de la Ciudad de M\u00e9xico.<\/p>\n<p>La dimisi\u00f3n se produce despu\u00e9s de salir a la luz problemas con trabajadores, reclamaciones de vecinos debido al redise\u00f1o del espacio a\u00e9reo y tras la publicaci\u00f3n del video de un avi\u00f3n que el pasado 7 de mayo estuvo a punto de estrellarse en Ciudad de M\u00e9xico.<\/p>\n<p>La fecha de la carta de dimisi\u00f3n es del 6 de mayo, por lo que se estima que el sustituto de Hern\u00e1ndez sea conocido este mismo lunes, lo que no ha evitado las cr\u00edticas a \u00e9ste del subsecretario de Transporte del Gobierno mexicano, Rogelio Jim\u00e9nez Pons.<\/p>\n<p>Jim\u00e9nez Pons no ha escatimado cr\u00edticas contra el responsable de SENEAM, al que ha acusado de descuidar cuestiones t\u00e9cnicas y de general un mal ambiente laboral en una entrevista a &#8216;Milenio&#8217;. El incidente del s\u00e1bado fue \u00abla gota que derram\u00f3 el vaso\u00bb.<\/p>\n<p>&nbsp;<\/p>\n<p>Fuente: EUROPA PRESS<\/p>\n<p>&nbsp;<\/p>\n","protected":false},"excerpt":{"rendered":"<p>El director general de Servicios a la Navegaci\u00f3n en el <a href=\"https:\/\/sertv.gob.pa\/nacionalfm\/un-avion-aborta-el-aterrizaje-a-ultima-hora-para-no-estrellarse-con-otro-en-ciudad-de-mexico\/\"> [&#8230;]<\/a><\/p>\n","protected":false},"author":9,"featured_media":81958,"comment_status":"closed","ping_status":"closed","sticky":false,"template":"","format":"standard","meta":{"footnotes":""},"categories":[3],"tags":[],"class_list":["post-81957","post","type-post","status-publish","format-standard","has-post-thumbnail","hentry","category-internacionales"],"_links":{"self":[{"href":"https:\/\/sertv.gob.pa\/nacionalfm\/wp-json\/wp\/v2\/posts\/81957","targetHints":{"allow":["GET"]}}],"collection":[{"href":"https:\/\/sertv.gob.pa\/nacionalfm\/wp-json\/wp\/v2\/posts"}],"about":[{"href":"https:\/\/sertv.gob.pa\/nacionalfm\/wp-json\/wp\/v2\/types\/post"}],"author":[{"embeddable":true,"href":"https:\/\/sertv.gob.pa\/nacionalfm\/wp-json\/wp\/v2\/users\/9"}],"replies":[{"embeddable":true,"href":"https:\/\/sertv.gob.pa\/nacionalfm\/wp-json\/wp\/v2\/comments?post=81957"}],"version-history":[{"count":1,"href":"https:\/\/sertv.gob.pa\/nacionalfm\/wp-json\/wp\/v2\/posts\/81957\/revisions"}],"predecessor-version":[{"id":81959,"href":"https:\/\/sertv.gob.pa\/nacionalfm\/wp-json\/wp\/v2\/posts\/81957\/revisions\/81959"}],"wp:featuredmedia":[{"embeddable":true,"href":"https:\/\/sertv.gob.pa\/nacionalfm\/wp-json\/wp\/v2\/media\/81958"}],"wp:attachment":[{"href":"https:\/\/sertv.gob.pa\/nacionalfm\/wp-json\/wp\/v2\/media?parent=81957"}],"wp:term":[{"taxonomy":"category","embeddable":true,"href":"https:\/\/sertv.gob.pa\/nacionalfm\/wp-json\/wp\/v2\/categories?post=81957"},{"taxonomy":"post_tag","embeddable":true,"href":"https:\/\/sertv.gob.pa\/nacionalfm\/wp-json\/wp\/v2\/tags?post=81957"}],"curies":[{"name":"wp","href":"https:\/\/api.w.org\/{rel}","templated":true}]}}