{"id":82002,"date":"2022-05-10T18:00:31","date_gmt":"2022-05-10T18:00:31","guid":{"rendered":"https:\/\/sertv.gob.pa\/nacionalfm\/?p=82002"},"modified":"2022-05-10T18:00:31","modified_gmt":"2022-05-10T18:00:31","slug":"un-grupo-de-mujeres-protesta-a-cara-descubierta-en-kabul-contra-el-uso-del-burka","status":"publish","type":"post","link":"https:\/\/sertv.gob.pa\/nacionalfm\/un-grupo-de-mujeres-protesta-a-cara-descubierta-en-kabul-contra-el-uso-del-burka\/","title":{"rendered":"Un grupo de mujeres protesta a cara descubierta en Kabul contra el uso del burka"},"content":{"rendered":"<p><strong><em>MADRID, (EUROPA PRESS) &#8211;<\/em><\/strong><\/p>\n<p>&nbsp;<\/p>\n<p>Un grupo de mujeres se ha manifestado este martes en Kabul para protestar contra el edicto talib\u00e1n que las obliga a cubrirse el rostro cuando est\u00e9n en lugares p\u00fablicos y que, como ha reconocido el r\u00e9gimen, tiene por objetivo promover el uso del burka.<\/p>\n<p>\u00abEl burka no es nuestro hiyab\u00bb, han coreado las manifestantes a cara descubierta, seg\u00fan la agencia de noticias Jaama, que ha informado de que los milicianos talib\u00e1n han dispersado la marcha y han detenido incluso a periodistas.<\/p>\n<p>Organizaciones como la ONU han acusado a los talib\u00e1n de seguir cercenando los derechos con una orden que parte directamente del principal l\u00edder, Hebatul\u00e1 Ajundzada, y que exhorta a las mujeres a quedarse en casa en la medida de lo posible.<\/p>\n<p>Para quienes salgan a la calle, plantea de nuevo cubrirse de pies a cabeza y recomienda expresamente el burka. Quienes incumplan la medida, se arriesgan a amonestaciones que recaer\u00e1n en principio en el &#8216;guardi\u00e1n&#8217; var\u00f3n, normalmente el marido o un familiar directo.<\/p>\n<p>El burka fue uno de los s\u00edmbolos de la represi\u00f3n durante el anterior r\u00e9gimen talib\u00e1n, concluido en 2001. Los insurgentes prometieron no retroceder a la situaci\u00f3n de entonces tras volver al poder en agosto de 2021, pero en la pr\u00e1ctica no han hecho m\u00e1s que dar pasos atr\u00e1s para tratar de alejar a la mujer de la esfera p\u00fablica, tambi\u00e9n en el \u00e1mbito educativo y en el laboral.<\/p>\n<p>&nbsp;<\/p>\n<p>Fuente: EUROPA PRESS<\/p>\n","protected":false},"excerpt":{"rendered":"<p>MADRID, (EUROPA PRESS) &#8211; &nbsp; Un grupo de mujeres se <a href=\"https:\/\/sertv.gob.pa\/nacionalfm\/un-grupo-de-mujeres-protesta-a-cara-descubierta-en-kabul-contra-el-uso-del-burka\/\"> [&#8230;]<\/a><\/p>\n","protected":false},"author":9,"featured_media":82003,"comment_status":"closed","ping_status":"closed","sticky":false,"template":"","format":"standard","meta":{"footnotes":""},"categories":[3],"tags":[],"class_list":["post-82002","post","type-post","status-publish","format-standard","has-post-thumbnail","hentry","category-internacionales"],"_links":{"self":[{"href":"https:\/\/sertv.gob.pa\/nacionalfm\/wp-json\/wp\/v2\/posts\/82002","targetHints":{"allow":["GET"]}}],"collection":[{"href":"https:\/\/sertv.gob.pa\/nacionalfm\/wp-json\/wp\/v2\/posts"}],"about":[{"href":"https:\/\/sertv.gob.pa\/nacionalfm\/wp-json\/wp\/v2\/types\/post"}],"author":[{"embeddable":true,"href":"https:\/\/sertv.gob.pa\/nacionalfm\/wp-json\/wp\/v2\/users\/9"}],"replies":[{"embeddable":true,"href":"https:\/\/sertv.gob.pa\/nacionalfm\/wp-json\/wp\/v2\/comments?post=82002"}],"version-history":[{"count":1,"href":"https:\/\/sertv.gob.pa\/nacionalfm\/wp-json\/wp\/v2\/posts\/82002\/revisions"}],"predecessor-version":[{"id":82004,"href":"https:\/\/sertv.gob.pa\/nacionalfm\/wp-json\/wp\/v2\/posts\/82002\/revisions\/82004"}],"wp:featuredmedia":[{"embeddable":true,"href":"https:\/\/sertv.gob.pa\/nacionalfm\/wp-json\/wp\/v2\/media\/82003"}],"wp:attachment":[{"href":"https:\/\/sertv.gob.pa\/nacionalfm\/wp-json\/wp\/v2\/media?parent=82002"}],"wp:term":[{"taxonomy":"category","embeddable":true,"href":"https:\/\/sertv.gob.pa\/nacionalfm\/wp-json\/wp\/v2\/categories?post=82002"},{"taxonomy":"post_tag","embeddable":true,"href":"https:\/\/sertv.gob.pa\/nacionalfm\/wp-json\/wp\/v2\/tags?post=82002"}],"curies":[{"name":"wp","href":"https:\/\/api.w.org\/{rel}","templated":true}]}}