{"id":82062,"date":"2022-05-11T19:19:59","date_gmt":"2022-05-11T19:19:59","guid":{"rendered":"https:\/\/sertv.gob.pa\/nacionalfm\/?p=82062"},"modified":"2022-05-11T19:19:59","modified_gmt":"2022-05-11T19:19:59","slug":"paraguay-avanza-en-la-repatriacion-del-fiscal-pecci-asesinado-en-colombia","status":"publish","type":"post","link":"https:\/\/sertv.gob.pa\/nacionalfm\/paraguay-avanza-en-la-repatriacion-del-fiscal-pecci-asesinado-en-colombia\/","title":{"rendered":"Paraguay avanza en la repatriaci\u00f3n del fiscal Pecci, asesinado en Colombia"},"content":{"rendered":"<p>La Embajada paraguaya y la Polic\u00eda de Colombia aseguran que no ten\u00edan conocimiento del viaje del fiscal asesinado<\/p>\n<p><strong><em>MADRID, (EUROPA PRESS) \u2013<\/em><\/strong><\/p>\n<p><strong><em>\u00a0<\/em><\/strong><\/p>\n<p>La embajadora de Paraguay en Bogot\u00e1, Sophia L\u00f3pez Garelli, ha informado de que los representantes consulares ya han iniciado el proceso de repatriaci\u00f3n del fiscal paraguayo Marcelo Pecci, asesinado el martes en Colombia.<\/p>\n<p>Sin embargo, ha alertado de que el proceso puede prolongarse en el tiempo pues la investigaci\u00f3n del suceso corre a cuenta de la justicia colombiana y a\u00fan se debe realizar la autopsia y otras indagaciones, seg\u00fan recoge el diario paraguayo &#8216;ABC Color&#8217;.<\/p>\n<p>\u00abTodas las autoridades est\u00e1n haciendo lo imposible para que esto sea r\u00e1pido; tenemos la esperanza de que ma\u00f1ana pueda irse, pero no prometemos\u00bb, ha dicho L\u00f3pez, quien adem\u00e1s ha adelantado que el cuerpo de Pecci ser\u00e1 trasladado en un avi\u00f3n comercial.<\/p>\n<p>El fiscal Pecci, especializado en crimen organizado, fue asesinado en un presunto atentado mientras se encontraba de luna de miel en Cartagena, en Colombia. La informaci\u00f3n preliminar difundida por medios colombianos se\u00f1ala que el crimen fue perpetrado por dos personas que se acercaron al fiscal en una moto acu\u00e1tica y abrieron fuego desde all\u00ed.<\/p>\n<p>Sin embargo, ni la propia Embajada paraguaya ni la Polic\u00eda de Colombia ten\u00edan conocimiento del viaje de Pecci. En este sentido, L\u00f3pez ha reconocido que, de haberlo sabido, se habr\u00edan solicitado las medidas de seguridad oportunas para el fiscal y su esposa, quien sali\u00f3 ilesa del incidente.<\/p>\n<p>Tras conocerse la noticia de la muerte de Pecci, el presidente de Colombia, Iv\u00e1n Duque, se puso en contacto con su hom\u00f3logo paraguayo, Mario Abdo Ben\u00edtez, para \u00abacordar toda la operaci\u00f3n para hallar a los responsables\u00bb.<\/p>\n<p>El director de la Polic\u00eda de Colombia, el general Jorge Luis Vargas, se desplaz\u00f3 hasta la ciudad para coordinar desde all\u00ed las investigaciones y orden\u00f3 el \u00abtraslado inmediato\u00bb de un equipo de la Direcci\u00f3n de Investigaci\u00f3n Criminal de la Polic\u00eda colombiana.<\/p>\n<p>\u00abM\u00e1xima prioridad a este caso\u00bb, indic\u00f3 Vargas en un v\u00eddeo publicado en sus redes sociales, donde adem\u00e1s informaba de que las autoridades policiales de Paraguay y Estados Unidos colaborar\u00edan en el caso.<\/p>\n<p>&nbsp;<\/p>\n<p>Fuente: EUROPA PRESS<\/p>\n<p>&nbsp;<\/p>\n","protected":false},"excerpt":{"rendered":"<p>La Embajada paraguaya y la Polic\u00eda de Colombia aseguran que <a href=\"https:\/\/sertv.gob.pa\/nacionalfm\/paraguay-avanza-en-la-repatriacion-del-fiscal-pecci-asesinado-en-colombia\/\"> [&#8230;]<\/a><\/p>\n","protected":false},"author":9,"featured_media":82063,"comment_status":"closed","ping_status":"closed","sticky":false,"template":"","format":"standard","meta":{"footnotes":""},"categories":[3],"tags":[],"class_list":["post-82062","post","type-post","status-publish","format-standard","has-post-thumbnail","hentry","category-internacionales"],"_links":{"self":[{"href":"https:\/\/sertv.gob.pa\/nacionalfm\/wp-json\/wp\/v2\/posts\/82062","targetHints":{"allow":["GET"]}}],"collection":[{"href":"https:\/\/sertv.gob.pa\/nacionalfm\/wp-json\/wp\/v2\/posts"}],"about":[{"href":"https:\/\/sertv.gob.pa\/nacionalfm\/wp-json\/wp\/v2\/types\/post"}],"author":[{"embeddable":true,"href":"https:\/\/sertv.gob.pa\/nacionalfm\/wp-json\/wp\/v2\/users\/9"}],"replies":[{"embeddable":true,"href":"https:\/\/sertv.gob.pa\/nacionalfm\/wp-json\/wp\/v2\/comments?post=82062"}],"version-history":[{"count":1,"href":"https:\/\/sertv.gob.pa\/nacionalfm\/wp-json\/wp\/v2\/posts\/82062\/revisions"}],"predecessor-version":[{"id":82065,"href":"https:\/\/sertv.gob.pa\/nacionalfm\/wp-json\/wp\/v2\/posts\/82062\/revisions\/82065"}],"wp:featuredmedia":[{"embeddable":true,"href":"https:\/\/sertv.gob.pa\/nacionalfm\/wp-json\/wp\/v2\/media\/82063"}],"wp:attachment":[{"href":"https:\/\/sertv.gob.pa\/nacionalfm\/wp-json\/wp\/v2\/media?parent=82062"}],"wp:term":[{"taxonomy":"category","embeddable":true,"href":"https:\/\/sertv.gob.pa\/nacionalfm\/wp-json\/wp\/v2\/categories?post=82062"},{"taxonomy":"post_tag","embeddable":true,"href":"https:\/\/sertv.gob.pa\/nacionalfm\/wp-json\/wp\/v2\/tags?post=82062"}],"curies":[{"name":"wp","href":"https:\/\/api.w.org\/{rel}","templated":true}]}}