{"id":82066,"date":"2022-05-11T19:41:38","date_gmt":"2022-05-11T19:41:38","guid":{"rendered":"https:\/\/sertv.gob.pa\/nacionalfm\/?p=82066"},"modified":"2022-05-11T19:41:38","modified_gmt":"2022-05-11T19:41:38","slug":"la-policia-de-ecuador-evita-un-nuevo-motin-en-la-carcel-de-santo-domingo-donde-hace-dos-dias-hubo-44-muertos","status":"publish","type":"post","link":"https:\/\/sertv.gob.pa\/nacionalfm\/la-policia-de-ecuador-evita-un-nuevo-motin-en-la-carcel-de-santo-domingo-donde-hace-dos-dias-hubo-44-muertos\/","title":{"rendered":"La Polic\u00eda de Ecuador evita un nuevo mot\u00edn en la c\u00e1rcel de Santo Domingo, donde hace dos d\u00edas hubo 44 muertos"},"content":{"rendered":"<p><strong><em>MADRID, (EUROPA PRESS) \u2013<\/em><\/strong><\/p>\n<p><strong><em>\u00a0<\/em><\/strong><\/p>\n<p>La Polic\u00eda de Ecuador ha logrado evitar un nuevo mot\u00edn en la c\u00e1rcel Bellavista, en la ciudad de Santo Domingo, donde el lunes se registraron una serie de incidentes que culminaron con la muerte de 44 presos.<\/p>\n<p>Seg\u00fan ha detallado el Servicio Nacional de Atenci\u00f3n a Personas Privadas de la Libertad (SNAI), encargado de dirigir el sistema penitenciario de Ecuador, este lunes se ha activado \u00abinmediatamente\u00bb todos los protocolos de seguridad ante la nueva alerta.<\/p>\n<p>\u00abLa Polic\u00eda y las Fuerzas Armadas evitan un amotinamiento en el centro de privaci\u00f3n de libertad Santo Domingo. Ante la alerta de posibles incidentes, SNAI con apoyo de las Fuerzas Armadas y Polic\u00eda de Ecuador han realizado operativos para precautelar el orden y la seguridad\u00bb, ha informado SNAI en sus redes sociales.<\/p>\n<p>Una delegaci\u00f3n de las autoridades estatales se encontraban en la c\u00e1rcel para verificar la situaci\u00f3n tras los incidentes del lunes, donde, adem\u00e1s de los m\u00e1s de 40 fallecidos, hubo unos diez presos heridos, seg\u00fan el diario &#8216;El Universo&#8217;.<\/p>\n<p>En los exteriores de la prisi\u00f3n, el encargado de la Jefatura Pol\u00edtica de Santo Domingo, Luis Guam\u00e1n, ha afirmado ante los medios de comunicaci\u00f3n que se ha puesto en marcha un dispositivo para trasladar a varios reclusos a otros centros penitenciarios, si bien no ha confirmado cu\u00e1ntos.<\/p>\n<p>La masacre del lunes es la segunda que ocurre en los \u00faltimos dos meses. En abril 20 reclusos fueron asesinados en la c\u00e1rcel de Turi en una pelea vinculada por la Polic\u00eda a disputas entre bandas.<\/p>\n<p>El Gobierno de Guillermo Lasso ha prometido reformar el sistema penitenciario, marcado de forma recurrente por incidentes que llegan incluso a cobrarse decenas de vidas. S\u00f3lo el a\u00f1o pasado habr\u00edan muerto unos 300 reclusos, por lo que el Ejecutivo ha planteado una serie de iniciativas, entre ellas un censo penitenciario.<\/p>\n<p>&nbsp;<\/p>\n<p>Fuente: EUROPA PRESS<\/p>\n<p>&nbsp;<\/p>\n","protected":false},"excerpt":{"rendered":"<p>MADRID, (EUROPA PRESS) \u2013 \u00a0 La Polic\u00eda de Ecuador ha <a href=\"https:\/\/sertv.gob.pa\/nacionalfm\/la-policia-de-ecuador-evita-un-nuevo-motin-en-la-carcel-de-santo-domingo-donde-hace-dos-dias-hubo-44-muertos\/\"> [&#8230;]<\/a><\/p>\n","protected":false},"author":9,"featured_media":82067,"comment_status":"closed","ping_status":"closed","sticky":false,"template":"","format":"standard","meta":{"footnotes":""},"categories":[3],"tags":[],"class_list":["post-82066","post","type-post","status-publish","format-standard","has-post-thumbnail","hentry","category-internacionales"],"_links":{"self":[{"href":"https:\/\/sertv.gob.pa\/nacionalfm\/wp-json\/wp\/v2\/posts\/82066","targetHints":{"allow":["GET"]}}],"collection":[{"href":"https:\/\/sertv.gob.pa\/nacionalfm\/wp-json\/wp\/v2\/posts"}],"about":[{"href":"https:\/\/sertv.gob.pa\/nacionalfm\/wp-json\/wp\/v2\/types\/post"}],"author":[{"embeddable":true,"href":"https:\/\/sertv.gob.pa\/nacionalfm\/wp-json\/wp\/v2\/users\/9"}],"replies":[{"embeddable":true,"href":"https:\/\/sertv.gob.pa\/nacionalfm\/wp-json\/wp\/v2\/comments?post=82066"}],"version-history":[{"count":1,"href":"https:\/\/sertv.gob.pa\/nacionalfm\/wp-json\/wp\/v2\/posts\/82066\/revisions"}],"predecessor-version":[{"id":82068,"href":"https:\/\/sertv.gob.pa\/nacionalfm\/wp-json\/wp\/v2\/posts\/82066\/revisions\/82068"}],"wp:featuredmedia":[{"embeddable":true,"href":"https:\/\/sertv.gob.pa\/nacionalfm\/wp-json\/wp\/v2\/media\/82067"}],"wp:attachment":[{"href":"https:\/\/sertv.gob.pa\/nacionalfm\/wp-json\/wp\/v2\/media?parent=82066"}],"wp:term":[{"taxonomy":"category","embeddable":true,"href":"https:\/\/sertv.gob.pa\/nacionalfm\/wp-json\/wp\/v2\/categories?post=82066"},{"taxonomy":"post_tag","embeddable":true,"href":"https:\/\/sertv.gob.pa\/nacionalfm\/wp-json\/wp\/v2\/tags?post=82066"}],"curies":[{"name":"wp","href":"https:\/\/api.w.org\/{rel}","templated":true}]}}