{"id":82112,"date":"2022-05-12T18:12:01","date_gmt":"2022-05-12T18:12:01","guid":{"rendered":"https:\/\/sertv.gob.pa\/nacionalfm\/?p=82112"},"modified":"2022-05-12T18:12:01","modified_gmt":"2022-05-12T18:12:01","slug":"hombres-armados-asaltan-el-palacio-de-justicia-de-haiti-y-saquean-las-oficinas-de-varios-jueces","status":"publish","type":"post","link":"https:\/\/sertv.gob.pa\/nacionalfm\/hombres-armados-asaltan-el-palacio-de-justicia-de-haiti-y-saquean-las-oficinas-de-varios-jueces\/","title":{"rendered":"Hombres armados asaltan el Palacio de Justicia de Hait\u00ed y saquean las oficinas de varios jueces"},"content":{"rendered":"<p><strong><em>MADRID, (EUROPA PRESS) &#8211;<\/em><\/strong><\/p>\n<p>&nbsp;<\/p>\n<p>Un grupo de hombres armados han asaltado el Palacio de Justicia de Hait\u00ed en Martissant y han saqueado las oficinas y despachos de varios jueces en un incidente similar al que tuvo lugar el pasado mes de octubre.<\/p>\n<p>El fiscal general de Puerto Pr\u00edncipe, Jacques la Fontant, ha informado de que los despachos de m\u00e1s de cinco jueces de instrucci\u00f3n han sido saqueados, as\u00ed como las oficinas de seis comisarios adjuntos del Gobierno.<\/p>\n<p>No obstante, La Fontant ha descartado que los atracadores se hayan llevado pruebas o documentos relacionados con las investigaciones en torno al asesinato del expresidente Jovenel Moise o del abogado Monferrier Dorval, seg\u00fan informaciones del diario &#8216;Le Nouvelliste&#8217;.<\/p>\n<p>Los hechos ocurrieron un d\u00eda despu\u00e9s de que el jefe de la Polic\u00eda, Frantz Elb\u00e9, anunciara que en los \u00faltimos seis meses la entidad se ha incautado 234 armas de fuego, 25 kilogramos de coca\u00edna y casi 400.000 d\u00f3lares (unos 380.000 euros).<\/p>\n<p>Por su parte, el juez Ikenson Edum\u00e9 ha firmado que su oficina y la de sus colegas de instrucci\u00f3n Anie Fignol\u00e9, Ramoncite Accim\u00e9 y Jean Morin Wilner, presidente de la Asociaci\u00f3n de Magistrados Haitianos, tambi\u00e9n han sido saqueadas.<\/p>\n<p>Se trata de la segunda vez que el Palacio de Justicia sufre un asalto desde octubre de 2021, cuando varios individuos armados derribaron varias puertas y accedieron a las oficinas del juez Garry Or\u00e9lien, a cargo entonces de la pesquisa sobre el magnicidio.<\/p>\n<p>El lunes, un grupo de hombres armados abrieron fuego en Martissant, que se encuentra al sur de Puerto Pr\u00edncipe, en plena ola de violencia a manos de bandas criminales. El propio Elb\u00e9 ha reafirmado su determinaci\u00f3n de liderar la lucha contra las bandas armadas.<\/p>\n<p>&nbsp;<\/p>\n<p>Fuente: EUROPA PRESS<\/p>\n","protected":false},"excerpt":{"rendered":"<p>MADRID, (EUROPA PRESS) &#8211; &nbsp; Un grupo de hombres armados <a href=\"https:\/\/sertv.gob.pa\/nacionalfm\/hombres-armados-asaltan-el-palacio-de-justicia-de-haiti-y-saquean-las-oficinas-de-varios-jueces\/\"> [&#8230;]<\/a><\/p>\n","protected":false},"author":9,"featured_media":82114,"comment_status":"closed","ping_status":"closed","sticky":false,"template":"","format":"standard","meta":{"footnotes":""},"categories":[3],"tags":[],"class_list":["post-82112","post","type-post","status-publish","format-standard","has-post-thumbnail","hentry","category-internacionales"],"_links":{"self":[{"href":"https:\/\/sertv.gob.pa\/nacionalfm\/wp-json\/wp\/v2\/posts\/82112","targetHints":{"allow":["GET"]}}],"collection":[{"href":"https:\/\/sertv.gob.pa\/nacionalfm\/wp-json\/wp\/v2\/posts"}],"about":[{"href":"https:\/\/sertv.gob.pa\/nacionalfm\/wp-json\/wp\/v2\/types\/post"}],"author":[{"embeddable":true,"href":"https:\/\/sertv.gob.pa\/nacionalfm\/wp-json\/wp\/v2\/users\/9"}],"replies":[{"embeddable":true,"href":"https:\/\/sertv.gob.pa\/nacionalfm\/wp-json\/wp\/v2\/comments?post=82112"}],"version-history":[{"count":1,"href":"https:\/\/sertv.gob.pa\/nacionalfm\/wp-json\/wp\/v2\/posts\/82112\/revisions"}],"predecessor-version":[{"id":82115,"href":"https:\/\/sertv.gob.pa\/nacionalfm\/wp-json\/wp\/v2\/posts\/82112\/revisions\/82115"}],"wp:featuredmedia":[{"embeddable":true,"href":"https:\/\/sertv.gob.pa\/nacionalfm\/wp-json\/wp\/v2\/media\/82114"}],"wp:attachment":[{"href":"https:\/\/sertv.gob.pa\/nacionalfm\/wp-json\/wp\/v2\/media?parent=82112"}],"wp:term":[{"taxonomy":"category","embeddable":true,"href":"https:\/\/sertv.gob.pa\/nacionalfm\/wp-json\/wp\/v2\/categories?post=82112"},{"taxonomy":"post_tag","embeddable":true,"href":"https:\/\/sertv.gob.pa\/nacionalfm\/wp-json\/wp\/v2\/tags?post=82112"}],"curies":[{"name":"wp","href":"https:\/\/api.w.org\/{rel}","templated":true}]}}