{"id":82126,"date":"2022-05-12T20:05:59","date_gmt":"2022-05-12T20:05:59","guid":{"rendered":"https:\/\/sertv.gob.pa\/nacionalfm\/?p=82126"},"modified":"2022-05-12T20:05:59","modified_gmt":"2022-05-12T20:05:59","slug":"representantes-del-minsa-imparten-charlas-de-prevencion-a-estudiantes-de-nance-risco-en-bocas-del-toro","status":"publish","type":"post","link":"https:\/\/sertv.gob.pa\/nacionalfm\/representantes-del-minsa-imparten-charlas-de-prevencion-a-estudiantes-de-nance-risco-en-bocas-del-toro\/","title":{"rendered":"Representantes del MINSA, imparten charlas de prevenci\u00f3n a estudiantes de Nance Risc\u00f3 en Bocas del Toro"},"content":{"rendered":"<p>Personal de Salud, participa en jornada educativa en el Centro Educativo de Nance Risc\u00f3, distrito de Almirante, donde se impartieron charlas de temas en prevenci\u00f3n ante el alcoholismo, tabaquismo, suicidio, como tambi\u00e9n la importancia de cuidar el medio ambiente.<\/p>\n<p>Estas charlas, fueron dictadas por Eduardo Trottman, coordinador de enlace de tabaco y Marianela Pandiella, de saneamiento ambiental, cabe mencionar que estas charlas educativas, se efect\u00faan junto a un equipo interinstitucional, que acuden a diversos centros escolares de todos los distritos, con el objetivo que los estudiantes, puedan ser orientados con temas importantes que se presentan en el entorno social.<\/p>\n<p>&nbsp;<\/p>\n<p>Fuente: MINSA<\/p>\n","protected":false},"excerpt":{"rendered":"<p>Personal de Salud, participa en jornada educativa en el Centro <a href=\"https:\/\/sertv.gob.pa\/nacionalfm\/representantes-del-minsa-imparten-charlas-de-prevencion-a-estudiantes-de-nance-risco-en-bocas-del-toro\/\"> [&#8230;]<\/a><\/p>\n","protected":false},"author":9,"featured_media":82127,"comment_status":"closed","ping_status":"closed","sticky":false,"template":"","format":"standard","meta":{"footnotes":""},"categories":[5],"tags":[],"class_list":["post-82126","post","type-post","status-publish","format-standard","has-post-thumbnail","hentry","category-salud"],"_links":{"self":[{"href":"https:\/\/sertv.gob.pa\/nacionalfm\/wp-json\/wp\/v2\/posts\/82126","targetHints":{"allow":["GET"]}}],"collection":[{"href":"https:\/\/sertv.gob.pa\/nacionalfm\/wp-json\/wp\/v2\/posts"}],"about":[{"href":"https:\/\/sertv.gob.pa\/nacionalfm\/wp-json\/wp\/v2\/types\/post"}],"author":[{"embeddable":true,"href":"https:\/\/sertv.gob.pa\/nacionalfm\/wp-json\/wp\/v2\/users\/9"}],"replies":[{"embeddable":true,"href":"https:\/\/sertv.gob.pa\/nacionalfm\/wp-json\/wp\/v2\/comments?post=82126"}],"version-history":[{"count":1,"href":"https:\/\/sertv.gob.pa\/nacionalfm\/wp-json\/wp\/v2\/posts\/82126\/revisions"}],"predecessor-version":[{"id":82131,"href":"https:\/\/sertv.gob.pa\/nacionalfm\/wp-json\/wp\/v2\/posts\/82126\/revisions\/82131"}],"wp:featuredmedia":[{"embeddable":true,"href":"https:\/\/sertv.gob.pa\/nacionalfm\/wp-json\/wp\/v2\/media\/82127"}],"wp:attachment":[{"href":"https:\/\/sertv.gob.pa\/nacionalfm\/wp-json\/wp\/v2\/media?parent=82126"}],"wp:term":[{"taxonomy":"category","embeddable":true,"href":"https:\/\/sertv.gob.pa\/nacionalfm\/wp-json\/wp\/v2\/categories?post=82126"},{"taxonomy":"post_tag","embeddable":true,"href":"https:\/\/sertv.gob.pa\/nacionalfm\/wp-json\/wp\/v2\/tags?post=82126"}],"curies":[{"name":"wp","href":"https:\/\/api.w.org\/{rel}","templated":true}]}}