{"id":82183,"date":"2022-05-13T18:38:17","date_gmt":"2022-05-13T18:38:17","guid":{"rendered":"https:\/\/sertv.gob.pa\/nacionalfm\/?p=82183"},"modified":"2022-05-13T18:38:17","modified_gmt":"2022-05-13T18:38:17","slug":"comienza-en-kiev-el-juicio-contra-el-primer-soldado-ruso-acusado-de-crimenes-de-guerra-en-ucrania","status":"publish","type":"post","link":"https:\/\/sertv.gob.pa\/nacionalfm\/comienza-en-kiev-el-juicio-contra-el-primer-soldado-ruso-acusado-de-crimenes-de-guerra-en-ucrania\/","title":{"rendered":"Comienza en Kiev el juicio contra el primer soldado ruso acusado de cr\u00edmenes de guerra en Ucrania"},"content":{"rendered":"<p><strong><em>MADRID, (EUROPA PRESS) \u2013<\/em><\/strong><\/p>\n<p><strong><em>\u00a0<\/em><\/strong><\/p>\n<p>Este viernes ha dado comienzo en Kiev el primer juicio contra el comandante del Ej\u00e9rcito ruso Vadim Shishimarin, al que se acusa de haber violado las leyes de la guerra seg\u00fan el C\u00f3digo Penal ucraniano al matar a un civil la regi\u00f3n de Sumy (noreste).<\/p>\n<p>Seg\u00fan la investigaci\u00f3n de la Fiscal\u00eda ucraniana, el acusado en su hu\u00edda de las Fuerzas Armadas de ese pa\u00eds dispar\u00f3 junto a otros tres militares rusos contra un veh\u00edculo civil, que posteriormente incautaron y con el que llegaron hasta el pueblo de Chupajivka, no sin antes disparar contra un hombre desarmado.<\/p>\n<p>\u00abEn el camino vieron a un residente desarmado del pueblo andando en bicicleta por el borde de la carretera y hablando por tel\u00e9fono. El acusado dispar\u00f3 varios tiros a trav\u00e9s de la ventana abierta del autom\u00f3vil con un rifle Kalashnikov a la cabeza de la v\u00edctima de 62 a\u00f1os\u00bb, ha relatado la Fiscal\u00eda.<\/p>\n<p>La muerte de este hombre fue instant\u00e1nea y \u00aba solo unas decenas de metros de su propia casa\u00bb. Por ello el militar ruso permanecer\u00e1 bajo custodia durante el juicio, cuya segunda audiencia tendr\u00e1 lugar el pr\u00f3ximo 18 de mayo.<\/p>\n<p>&nbsp;<\/p>\n<p>Fuente: EUROPA PRESS<\/p>\n","protected":false},"excerpt":{"rendered":"<p>MADRID, (EUROPA PRESS) \u2013 \u00a0 Este viernes ha dado comienzo <a href=\"https:\/\/sertv.gob.pa\/nacionalfm\/comienza-en-kiev-el-juicio-contra-el-primer-soldado-ruso-acusado-de-crimenes-de-guerra-en-ucrania\/\"> [&#8230;]<\/a><\/p>\n","protected":false},"author":9,"featured_media":82184,"comment_status":"closed","ping_status":"closed","sticky":false,"template":"","format":"standard","meta":{"footnotes":""},"categories":[3],"tags":[],"class_list":["post-82183","post","type-post","status-publish","format-standard","has-post-thumbnail","hentry","category-internacionales"],"_links":{"self":[{"href":"https:\/\/sertv.gob.pa\/nacionalfm\/wp-json\/wp\/v2\/posts\/82183","targetHints":{"allow":["GET"]}}],"collection":[{"href":"https:\/\/sertv.gob.pa\/nacionalfm\/wp-json\/wp\/v2\/posts"}],"about":[{"href":"https:\/\/sertv.gob.pa\/nacionalfm\/wp-json\/wp\/v2\/types\/post"}],"author":[{"embeddable":true,"href":"https:\/\/sertv.gob.pa\/nacionalfm\/wp-json\/wp\/v2\/users\/9"}],"replies":[{"embeddable":true,"href":"https:\/\/sertv.gob.pa\/nacionalfm\/wp-json\/wp\/v2\/comments?post=82183"}],"version-history":[{"count":2,"href":"https:\/\/sertv.gob.pa\/nacionalfm\/wp-json\/wp\/v2\/posts\/82183\/revisions"}],"predecessor-version":[{"id":82187,"href":"https:\/\/sertv.gob.pa\/nacionalfm\/wp-json\/wp\/v2\/posts\/82183\/revisions\/82187"}],"wp:featuredmedia":[{"embeddable":true,"href":"https:\/\/sertv.gob.pa\/nacionalfm\/wp-json\/wp\/v2\/media\/82184"}],"wp:attachment":[{"href":"https:\/\/sertv.gob.pa\/nacionalfm\/wp-json\/wp\/v2\/media?parent=82183"}],"wp:term":[{"taxonomy":"category","embeddable":true,"href":"https:\/\/sertv.gob.pa\/nacionalfm\/wp-json\/wp\/v2\/categories?post=82183"},{"taxonomy":"post_tag","embeddable":true,"href":"https:\/\/sertv.gob.pa\/nacionalfm\/wp-json\/wp\/v2\/tags?post=82183"}],"curies":[{"name":"wp","href":"https:\/\/api.w.org\/{rel}","templated":true}]}}