{"id":82188,"date":"2022-05-13T19:12:07","date_gmt":"2022-05-13T19:12:07","guid":{"rendered":"https:\/\/sertv.gob.pa\/nacionalfm\/?p=82188"},"modified":"2022-05-13T19:12:07","modified_gmt":"2022-05-13T19:12:07","slug":"al-menos-tres-heridos-por-un-atentado-bomba-atribuido-a-las-disidencias-de-las-farc-en-colombia","status":"publish","type":"post","link":"https:\/\/sertv.gob.pa\/nacionalfm\/al-menos-tres-heridos-por-un-atentado-bomba-atribuido-a-las-disidencias-de-las-farc-en-colombia\/","title":{"rendered":"Al menos tres heridos por un atentado bomba atribuido a las disidencias de las FARC en Colombia"},"content":{"rendered":"<p>Colombia celebra la detenci\u00f3n de uno de los cabecillas de las disidencias de las FARC, alias &#8216;Barbas&#8217;<\/p>\n<p>&nbsp;<\/p>\n<p><strong><em>MADRID, (EUROPA PRESS) &#8211;<\/em><\/strong><\/p>\n<p>&nbsp;<\/p>\n<p>Al menos tres mujeres han resultado heridas como consecuencia de la detonaci\u00f3n de una motocicleta cargada con explosivos en el municipio de Caloto, en el suroeste de Colombia, un atentado que las autoridades han atribuido a las disidencias de la ya desaparecida guerrilla de las FARC.<\/p>\n<p>&nbsp;<\/p>\n<p>La explosi\u00f3n ha tenido lugar este viernes en uno de los puntos de esta localidad situada en el norte del departamento de Cauca y ha dejado tambi\u00e9n un saldo de m\u00e1s de cuarenta edificaciones e inmuebles afectados, cuenta Caracol Radio.<\/p>\n<p>&nbsp;<\/p>\n<p>El comandante del Departamento de Polic\u00eda, el coronel Gustavo Mart\u00ednez, ha acusado directamente de esta agresi\u00f3n a la estructura Dagoberto Ramos Ortiz de las disidencias de las FARC y cuyo liderazgo ostenta alias &#8216;Cholinga&#8217;, por quien hay una recompensa de 100 millones de pesos (cerca de 23.400 euros), ha recordado.<\/p>\n<p>&nbsp;<\/p>\n<p>Por su parte, el alcalde de Caloto, Gonzalo Ram\u00edrez Velasco, ha lamentado lo ocurrido, pero ha destacado que \u00abafortunadamente no hay v\u00edctimas humanas\u00bb, pero s\u00ed \u00abbastantes\u00bb da\u00f1os materiales.<\/p>\n<p>&nbsp;<\/p>\n<p>Por otro lado, el ministro de Defensa de Colombia, Diego Molano, ha celebrado la detenci\u00f3n de uno de los cabecillas de las disidencias de las FARC implicados en el atentado contra un batall\u00f3n del Ej\u00e9rcito que dej\u00f3 dos personas muertas &#8211;un civil y un militar&#8211; en Granada, en el departamento de Meta (centro).<\/p>\n<p>&nbsp;<\/p>\n<p>Se trata de Gerardo Herrera Pavi, alias &#8216;Barbas&#8217;, aunque tambi\u00e9n es conocido como &#8216;Mono&#8217;, tercer cabecilla de la estructura Dagoberto Ramos Ortiz al que se le atribuye la autor\u00eda de aquel ataque por el que tambi\u00e9n han sido arrestados otros tres de sus compinches.<\/p>\n<p>&nbsp;<\/p>\n<p>Fuente: EUROPA PRESS<\/p>\n","protected":false},"excerpt":{"rendered":"<p>Colombia celebra la detenci\u00f3n de uno de los cabecillas de <a href=\"https:\/\/sertv.gob.pa\/nacionalfm\/al-menos-tres-heridos-por-un-atentado-bomba-atribuido-a-las-disidencias-de-las-farc-en-colombia\/\"> [&#8230;]<\/a><\/p>\n","protected":false},"author":9,"featured_media":82190,"comment_status":"closed","ping_status":"closed","sticky":false,"template":"","format":"standard","meta":{"footnotes":""},"categories":[3],"tags":[],"class_list":["post-82188","post","type-post","status-publish","format-standard","has-post-thumbnail","hentry","category-internacionales"],"_links":{"self":[{"href":"https:\/\/sertv.gob.pa\/nacionalfm\/wp-json\/wp\/v2\/posts\/82188","targetHints":{"allow":["GET"]}}],"collection":[{"href":"https:\/\/sertv.gob.pa\/nacionalfm\/wp-json\/wp\/v2\/posts"}],"about":[{"href":"https:\/\/sertv.gob.pa\/nacionalfm\/wp-json\/wp\/v2\/types\/post"}],"author":[{"embeddable":true,"href":"https:\/\/sertv.gob.pa\/nacionalfm\/wp-json\/wp\/v2\/users\/9"}],"replies":[{"embeddable":true,"href":"https:\/\/sertv.gob.pa\/nacionalfm\/wp-json\/wp\/v2\/comments?post=82188"}],"version-history":[{"count":1,"href":"https:\/\/sertv.gob.pa\/nacionalfm\/wp-json\/wp\/v2\/posts\/82188\/revisions"}],"predecessor-version":[{"id":82192,"href":"https:\/\/sertv.gob.pa\/nacionalfm\/wp-json\/wp\/v2\/posts\/82188\/revisions\/82192"}],"wp:featuredmedia":[{"embeddable":true,"href":"https:\/\/sertv.gob.pa\/nacionalfm\/wp-json\/wp\/v2\/media\/82190"}],"wp:attachment":[{"href":"https:\/\/sertv.gob.pa\/nacionalfm\/wp-json\/wp\/v2\/media?parent=82188"}],"wp:term":[{"taxonomy":"category","embeddable":true,"href":"https:\/\/sertv.gob.pa\/nacionalfm\/wp-json\/wp\/v2\/categories?post=82188"},{"taxonomy":"post_tag","embeddable":true,"href":"https:\/\/sertv.gob.pa\/nacionalfm\/wp-json\/wp\/v2\/tags?post=82188"}],"curies":[{"name":"wp","href":"https:\/\/api.w.org\/{rel}","templated":true}]}}