{"id":82237,"date":"2022-05-16T18:29:13","date_gmt":"2022-05-16T18:29:13","guid":{"rendered":"https:\/\/sertv.gob.pa\/nacionalfm\/?p=82237"},"modified":"2022-05-16T18:29:13","modified_gmt":"2022-05-16T18:29:13","slug":"mcdonalds-dejara-rusia-tras-mas-de-30-anos-e-inicia-la-venta-de-su-red-de-restaurantes","status":"publish","type":"post","link":"https:\/\/sertv.gob.pa\/nacionalfm\/mcdonalds-dejara-rusia-tras-mas-de-30-anos-e-inicia-la-venta-de-su-red-de-restaurantes\/","title":{"rendered":"McDonald&#8217;s dejar\u00e1 Rusia tras m\u00e1s de 30 a\u00f1os e inicia la venta de su red de restaurantes"},"content":{"rendered":"<p><strong>MADRID, (EUROPA PRESS) &#8211;<\/strong><\/p>\n<p>&nbsp;<\/p>\n<p>McDonald&#8217;s dejar\u00e1 Rusia tras m\u00e1s de 30 a\u00f1os de actividad e inicia la venta de su red de restaurantes, integrada por 850 locales, una decisi\u00f3n que supondr\u00e1 para la multinacional un cargo de entre 1.200 y 1.400 millones de d\u00f3lares (entre 1.150 y 1.340 millones de euros), seg\u00fan ha anunciado la compa\u00f1\u00eda.<\/p>\n<p>A primeros de marzo, como consecuencia de la guerra de Ucrania, multinacional de los &#8216;arcos dorados&#8217; confirm\u00f3 el \u00abcierre temporal\u00bb de sus 850 restaurantes en Rusia, as\u00ed como la interrupci\u00f3n de sus actividades en el pa\u00eds, donde cuenta con unos 62.000 empleados.<\/p>\n<p>Ahora, la compa\u00f1\u00eda decide salir definitivamente de Rusia, ya que, en su opini\u00f3n, la crisis humanitaria causada por la guerra en Ucrania y el imprevisible entorno operativo que la precipita le han llevado a concluir que \u00abla continuidad del negocio en Rusia ya no es sostenible, ni es coherente con los valores de McDonald&#8217;s\u00bb.<\/p>\n<p>Como parte de la decisi\u00f3n de McDonald&#8217;s de abandonar el negocio, la compa\u00f1\u00eda est\u00e1 tratando de vender toda su cartera de restaurantes McDonald&#8217;s en Rusia a un comprador local.<\/p>\n<p>Las prioridades de McDonald&#8217;s incluyen tratar de garantizar que los empleados de Rusia sigan cobrando hasta el cierre de cualquier transacci\u00f3n y que tengan un empleo futuro con cualquier comprador potencial.<\/p>\n<p>\u00abEstamos excepcionalmente orgullosos de los 62.000 empleados que trabajan en nuestros restaurantes, junto con los cientos de proveedores rusos que apoyan nuestro negocio, y nuestros franquiciados locales. Su dedicaci\u00f3n y lealtad a McDonald&#8217;s hacen que el anuncio de hoy sea extremadamente dif\u00edcil. Sin embargo, tenemos un compromiso con nuestra comunidad global y debemos permanecer firmes en nuestros valores\u00bb, ha afirmado el presidente y director general de McDonald&#8217;s, Chris Kempczinski.<\/p>\n<p>&nbsp;<\/p>\n<p>Fuente: EUROPA PRESS<\/p>\n","protected":false},"excerpt":{"rendered":"<p>MADRID, (EUROPA PRESS) &#8211; &nbsp; McDonald&#8217;s dejar\u00e1 Rusia tras m\u00e1s <a href=\"https:\/\/sertv.gob.pa\/nacionalfm\/mcdonalds-dejara-rusia-tras-mas-de-30-anos-e-inicia-la-venta-de-su-red-de-restaurantes\/\"> [&#8230;]<\/a><\/p>\n","protected":false},"author":9,"featured_media":82238,"comment_status":"closed","ping_status":"closed","sticky":false,"template":"","format":"standard","meta":{"footnotes":""},"categories":[3],"tags":[],"class_list":["post-82237","post","type-post","status-publish","format-standard","has-post-thumbnail","hentry","category-internacionales"],"_links":{"self":[{"href":"https:\/\/sertv.gob.pa\/nacionalfm\/wp-json\/wp\/v2\/posts\/82237","targetHints":{"allow":["GET"]}}],"collection":[{"href":"https:\/\/sertv.gob.pa\/nacionalfm\/wp-json\/wp\/v2\/posts"}],"about":[{"href":"https:\/\/sertv.gob.pa\/nacionalfm\/wp-json\/wp\/v2\/types\/post"}],"author":[{"embeddable":true,"href":"https:\/\/sertv.gob.pa\/nacionalfm\/wp-json\/wp\/v2\/users\/9"}],"replies":[{"embeddable":true,"href":"https:\/\/sertv.gob.pa\/nacionalfm\/wp-json\/wp\/v2\/comments?post=82237"}],"version-history":[{"count":1,"href":"https:\/\/sertv.gob.pa\/nacionalfm\/wp-json\/wp\/v2\/posts\/82237\/revisions"}],"predecessor-version":[{"id":82240,"href":"https:\/\/sertv.gob.pa\/nacionalfm\/wp-json\/wp\/v2\/posts\/82237\/revisions\/82240"}],"wp:featuredmedia":[{"embeddable":true,"href":"https:\/\/sertv.gob.pa\/nacionalfm\/wp-json\/wp\/v2\/media\/82238"}],"wp:attachment":[{"href":"https:\/\/sertv.gob.pa\/nacionalfm\/wp-json\/wp\/v2\/media?parent=82237"}],"wp:term":[{"taxonomy":"category","embeddable":true,"href":"https:\/\/sertv.gob.pa\/nacionalfm\/wp-json\/wp\/v2\/categories?post=82237"},{"taxonomy":"post_tag","embeddable":true,"href":"https:\/\/sertv.gob.pa\/nacionalfm\/wp-json\/wp\/v2\/tags?post=82237"}],"curies":[{"name":"wp","href":"https:\/\/api.w.org\/{rel}","templated":true}]}}