{"id":82241,"date":"2022-05-16T19:18:44","date_gmt":"2022-05-16T19:18:44","guid":{"rendered":"https:\/\/sertv.gob.pa\/nacionalfm\/?p=82241"},"modified":"2022-05-16T19:18:44","modified_gmt":"2022-05-16T19:18:44","slug":"macron-nombra-a-elisabeth-borne-como-nueva-primera-ministra-de-francia-la-primera-en-30-anos","status":"publish","type":"post","link":"https:\/\/sertv.gob.pa\/nacionalfm\/macron-nombra-a-elisabeth-borne-como-nueva-primera-ministra-de-francia-la-primera-en-30-anos\/","title":{"rendered":"Macron nombra a Elisabeth Borne como nueva primera ministra de Francia, la primera en 30 a\u00f1os"},"content":{"rendered":"<p><strong><em>MADRID, (EUROPA PRESS) &#8211;<\/em><\/strong><\/p>\n<p>&nbsp;<\/p>\n<p>El presidente franc\u00e9s, Emmanuel Macron, ha nombrado este lunes a la exministra de Trabajo Elisabeth Borne como nueva primera ministra, la primera en 30 a\u00f1os, en sustituci\u00f3n de Jean Castex, quien hab\u00eda presentado su dimisi\u00f3n horas antes.<\/p>\n<p>Borne, quien en los \u00faltimos a\u00f1os hab\u00eda ejercido tambi\u00e9n como ministra de Transportes y de Transici\u00f3n Ecol\u00f3gica, es \u00abuna mujer de convicci\u00f3n, acci\u00f3n y realizaci\u00f3n\u00bb, de acuerdo con Macron que ya le ha dado instrucci\u00f3n para formar gobierno, seg\u00fan una nota facilitada por el El\u00edseo.<\/p>\n<p>Su designaci\u00f3n no ha gustado a los jefes de los principales partidos de la oposici\u00f3n. Para la l\u00edder del ultraderechista Agrupaci\u00f3n Nacional, Marine Le Pen, la designaci\u00f3n de Macron demuestra \u00absu incapacidad para unir y la voluntad de continuar con su pol\u00edtica de desprecio\u00bb.<\/p>\n<p>En un mensaje en su perfil de Twitter, Le Pen asegura que este nombramiento representa \u00abla deconstrucci\u00f3n del Estado, destrucci\u00f3n social, extorsi\u00f3n fiscal y laxitud\u00bb, mientras que el l\u00edder de La Francia Insumisa, Jean-Luc M\u00e9lenchon, vaticina \u00abuna nueva temporada de abuso social\u00bb.<\/p>\n<p>\u00abLa se\u00f1ora Borne representa todo lo que no ha funcionado en los \u00faltimos veinte a\u00f1os\u00bb, ha escrito tambi\u00e9n en su perfil M\u00e9lenchon, quien ha acusado a la nueva primera ministra est\u00e1 \u00abentre las figuras m\u00e1s duras del abuso social\u00bb y ha recordado algunas de sus pol\u00edticas como la reducci\u00f3n de la asignaci\u00f3n a un mill\u00f3n de parados, la supresi\u00f3n de los precios regulados del gas, o subida de a\u00f1o de jubilaci\u00f3n.<\/p>\n<p>Quien s\u00ed se ha canjeado palabras de halago ha sido el que es ahora su antecesor, Jean Castex, un \u00abl\u00edder de equipo efectivo al servicio de Francia\u00bb y \u00abun servidor\u00bb del Estado y de \u00absus valerosos agentes\u00bb, seg\u00fan las palabras del todav\u00eda ministro de Interior, G\u00e9rald Darmanin.<\/p>\n<p>Castex ya hab\u00eda revelado tras las elecciones que presentar\u00eda su dimisi\u00f3n y la de todo su Gobierno \u00aben los d\u00edas siguientes\u00bb a la victoria de Macron, que se impuso en la segunda vuelta de las presidenciales frente a la ultraderechista Marine Le Pen.<\/p>\n<p>&nbsp;<\/p>\n<p>Fuente: EUROPA PRESS<\/p>\n","protected":false},"excerpt":{"rendered":"<p>MADRID, (EUROPA PRESS) &#8211; &nbsp; El presidente franc\u00e9s, Emmanuel Macron, <a href=\"https:\/\/sertv.gob.pa\/nacionalfm\/macron-nombra-a-elisabeth-borne-como-nueva-primera-ministra-de-francia-la-primera-en-30-anos\/\"> [&#8230;]<\/a><\/p>\n","protected":false},"author":9,"featured_media":82242,"comment_status":"closed","ping_status":"closed","sticky":false,"template":"","format":"standard","meta":{"footnotes":""},"categories":[3],"tags":[],"class_list":["post-82241","post","type-post","status-publish","format-standard","has-post-thumbnail","hentry","category-internacionales"],"_links":{"self":[{"href":"https:\/\/sertv.gob.pa\/nacionalfm\/wp-json\/wp\/v2\/posts\/82241","targetHints":{"allow":["GET"]}}],"collection":[{"href":"https:\/\/sertv.gob.pa\/nacionalfm\/wp-json\/wp\/v2\/posts"}],"about":[{"href":"https:\/\/sertv.gob.pa\/nacionalfm\/wp-json\/wp\/v2\/types\/post"}],"author":[{"embeddable":true,"href":"https:\/\/sertv.gob.pa\/nacionalfm\/wp-json\/wp\/v2\/users\/9"}],"replies":[{"embeddable":true,"href":"https:\/\/sertv.gob.pa\/nacionalfm\/wp-json\/wp\/v2\/comments?post=82241"}],"version-history":[{"count":1,"href":"https:\/\/sertv.gob.pa\/nacionalfm\/wp-json\/wp\/v2\/posts\/82241\/revisions"}],"predecessor-version":[{"id":82244,"href":"https:\/\/sertv.gob.pa\/nacionalfm\/wp-json\/wp\/v2\/posts\/82241\/revisions\/82244"}],"wp:featuredmedia":[{"embeddable":true,"href":"https:\/\/sertv.gob.pa\/nacionalfm\/wp-json\/wp\/v2\/media\/82242"}],"wp:attachment":[{"href":"https:\/\/sertv.gob.pa\/nacionalfm\/wp-json\/wp\/v2\/media?parent=82241"}],"wp:term":[{"taxonomy":"category","embeddable":true,"href":"https:\/\/sertv.gob.pa\/nacionalfm\/wp-json\/wp\/v2\/categories?post=82241"},{"taxonomy":"post_tag","embeddable":true,"href":"https:\/\/sertv.gob.pa\/nacionalfm\/wp-json\/wp\/v2\/tags?post=82241"}],"curies":[{"name":"wp","href":"https:\/\/api.w.org\/{rel}","templated":true}]}}