{"id":8225,"date":"2015-10-16T19:10:15","date_gmt":"2015-10-16T19:10:15","guid":{"rendered":""},"modified":"2015-10-16T19:10:15","modified_gmt":"2015-10-16T19:10:15","slug":"estres-laboral-se-asocia-con-el-riesgo-de-acv","status":"publish","type":"post","link":"https:\/\/sertv.gob.pa\/nacionalfm\/estres-laboral-se-asocia-con-el-riesgo-de-acv\/","title":{"rendered":"Estr\u00e9s laboral se asocia con el riesgo de ACV"},"content":{"rendered":"<p>\nTener un trabajo con mucho estr\u00e9s, sobre todo un trabajo exigente pero que permita poco control personal, podr\u00eda incrementar el peligro de accidente cerebrovascular (ACV), informan unos investigadores chinos. <\/p>\n<p>Un an\u00e1lisis de seis estudios ya publicados de varios pa\u00edses incluy\u00f3 a casi 140,000 personas a quienes se sigui\u00f3 durante hasta 17 a\u00f1os. Encontr\u00f3 que los que ten\u00edan trabajos con mucho estr\u00e9s presentaban un riesgo de ACV un 22% \u00a0m\u00e1s alto que los que ten\u00edan trabajos con poco estr\u00e9s. En las mujeres, el aumento del riesgo fue incluso mayor: de un 33 por ciento, informaron los investigadores. <\/p>\n<p>\u00abMuchos mecanismos podr\u00edan tener que ver con la asociaci\u00f3n entre los trabajos estresantes y el riesgo de ACV\u00bb, plante\u00f3 la investigadora l\u00edder, la Dra. Yuli Huang, del departamento de cardiolog\u00eda de la Universidad M\u00e9dica del Sur, en Guangzhou. <\/p>\n<p>El m\u00e1s importante es que los trabajos con mucho estr\u00e9s podr\u00edan conducir a conductas malsanas, como unos malos h\u00e1bitos alimenticios, el tabaquismo y la falta de ejercicio, advirti\u00f3 Huang. <\/p>\n<p>\u00abEs esencial que las personas con profesiones de alto estr\u00e9s aborden esos problemas del estilo de vida\u00bb, aconsej\u00f3 Huang. <\/p>\n<p>El informe aparece en la edici\u00f3n en l\u00ednea de la revista  Neurology . <\/p>\n<p>\u00a0 <\/p>\n","protected":false},"excerpt":{"rendered":"<p>Tener un trabajo con mucho estr\u00e9s, sobre todo un trabajo <a href=\"https:\/\/sertv.gob.pa\/nacionalfm\/estres-laboral-se-asocia-con-el-riesgo-de-acv\/\"> [&#8230;]<\/a><\/p>\n","protected":false},"author":1,"featured_media":8226,"comment_status":"closed","ping_status":"closed","sticky":false,"template":"","format":"standard","meta":{"footnotes":""},"categories":[5],"tags":[],"class_list":["post-8225","post","type-post","status-publish","format-standard","has-post-thumbnail","hentry","category-salud"],"_links":{"self":[{"href":"https:\/\/sertv.gob.pa\/nacionalfm\/wp-json\/wp\/v2\/posts\/8225","targetHints":{"allow":["GET"]}}],"collection":[{"href":"https:\/\/sertv.gob.pa\/nacionalfm\/wp-json\/wp\/v2\/posts"}],"about":[{"href":"https:\/\/sertv.gob.pa\/nacionalfm\/wp-json\/wp\/v2\/types\/post"}],"author":[{"embeddable":true,"href":"https:\/\/sertv.gob.pa\/nacionalfm\/wp-json\/wp\/v2\/users\/1"}],"replies":[{"embeddable":true,"href":"https:\/\/sertv.gob.pa\/nacionalfm\/wp-json\/wp\/v2\/comments?post=8225"}],"version-history":[{"count":0,"href":"https:\/\/sertv.gob.pa\/nacionalfm\/wp-json\/wp\/v2\/posts\/8225\/revisions"}],"wp:featuredmedia":[{"embeddable":true,"href":"https:\/\/sertv.gob.pa\/nacionalfm\/wp-json\/wp\/v2\/media\/8226"}],"wp:attachment":[{"href":"https:\/\/sertv.gob.pa\/nacionalfm\/wp-json\/wp\/v2\/media?parent=8225"}],"wp:term":[{"taxonomy":"category","embeddable":true,"href":"https:\/\/sertv.gob.pa\/nacionalfm\/wp-json\/wp\/v2\/categories?post=8225"},{"taxonomy":"post_tag","embeddable":true,"href":"https:\/\/sertv.gob.pa\/nacionalfm\/wp-json\/wp\/v2\/tags?post=8225"}],"curies":[{"name":"wp","href":"https:\/\/api.w.org\/{rel}","templated":true}]}}