{"id":823,"date":"2014-08-06T05:00:00","date_gmt":"2014-08-06T05:00:00","guid":{"rendered":""},"modified":"2014-08-06T05:00:00","modified_gmt":"2014-08-06T05:00:00","slug":"el-ebola-ya-ha-matado-a-932-personas-en-africa-occidental","status":"publish","type":"post","link":"https:\/\/sertv.gob.pa\/nacionalfm\/el-ebola-ya-ha-matado-a-932-personas-en-africa-occidental\/","title":{"rendered":"El \u00e9bola ya ha matado a 932 personas en \u00c1frica Occidental"},"content":{"rendered":"<p>\nSeg\u00fan el \u00faltimo recuento efectuado por la Organizaci\u00f3n Mundial de la Salud (OMS), el  brote de \u00e9bola  que azota \u00c1frica Occidental ha infectado ya a 1,711 personas, de las cuales 932 han muerto. Del 2 al 4 de agosto, en los cuatro pa\u00edses afectados por la epidemia, Guinea Conakry, Liberia, Nigeria y Sierra Leona, hubo un total de 108 casos nuevos y 45 fallecidos. <\/p>\n<p>Precisamente, la OMS ha convocado una reuni\u00f3n de su Comit\u00e9 de Emergencia para que los expertos que lo componen determinen si la actual epidemia constituye una \u00abemergencia sanitaria de alcance internacional\u00bb. <\/p>\n<p>Los expertos decidir\u00e1n, asimismo, qu\u00e9 medidas hay que tomar en caso de que estemos realmente ante una emergencia de alcance internacional e informar\u00e1n de las mismas a la directora general de la instituci\u00f3n, Margaret Chan, que a su vez tomar\u00e1 la decisi\u00f3n de declararla o no. <\/p>\n<p>La reuni\u00f3n se desarrolla por teleconferencia y se prolongar\u00e1 durante toda la jornada de ma\u00f1ana. Est\u00e1 previsto que la OMS haga p\u00fablica la decisi\u00f3n del Comit\u00e9 de Emergencia y la resoluci\u00f3n de Chan el viernes por la ma\u00f1ana. <\/p>\n<p>Por pa\u00edses, Guinea Conakry registr\u00f3 10 nuevos casos y 5 muertos, lo que eleva el n\u00famero de contagios a 495 nuevos casos y 363 muertes. Liberia contabiliz\u00f3 48 nuevos casos y 27 decesos, por lo que la cifra de contagios asciende a 516 y la de decesos a 282. <\/p>\n<p>Nigeria registr\u00f3 5 nuevos casos de contagio, pero no hay que lamentar ninguna muerte, por lo que el total se eleva a 9 infectados y un deceso. Por su parte, Sierra Leona registr\u00f3 45 casos y 13 muertes nuevos, por lo que la cifra total de personas contaminadas asciende a 691 casos y 286 fallecidos. @nacionalFmn <\/p>\n<p>\u00a0 <\/p>\n","protected":false},"excerpt":{"rendered":"<p>Seg\u00fan el \u00faltimo recuento efectuado por la Organizaci\u00f3n Mundial de <a href=\"https:\/\/sertv.gob.pa\/nacionalfm\/el-ebola-ya-ha-matado-a-932-personas-en-africa-occidental\/\"> [&#8230;]<\/a><\/p>\n","protected":false},"author":1,"featured_media":824,"comment_status":"closed","ping_status":"closed","sticky":false,"template":"","format":"standard","meta":{"footnotes":""},"categories":[5],"tags":[],"class_list":["post-823","post","type-post","status-publish","format-standard","has-post-thumbnail","hentry","category-salud"],"_links":{"self":[{"href":"https:\/\/sertv.gob.pa\/nacionalfm\/wp-json\/wp\/v2\/posts\/823","targetHints":{"allow":["GET"]}}],"collection":[{"href":"https:\/\/sertv.gob.pa\/nacionalfm\/wp-json\/wp\/v2\/posts"}],"about":[{"href":"https:\/\/sertv.gob.pa\/nacionalfm\/wp-json\/wp\/v2\/types\/post"}],"author":[{"embeddable":true,"href":"https:\/\/sertv.gob.pa\/nacionalfm\/wp-json\/wp\/v2\/users\/1"}],"replies":[{"embeddable":true,"href":"https:\/\/sertv.gob.pa\/nacionalfm\/wp-json\/wp\/v2\/comments?post=823"}],"version-history":[{"count":0,"href":"https:\/\/sertv.gob.pa\/nacionalfm\/wp-json\/wp\/v2\/posts\/823\/revisions"}],"wp:featuredmedia":[{"embeddable":true,"href":"https:\/\/sertv.gob.pa\/nacionalfm\/wp-json\/wp\/v2\/media\/824"}],"wp:attachment":[{"href":"https:\/\/sertv.gob.pa\/nacionalfm\/wp-json\/wp\/v2\/media?parent=823"}],"wp:term":[{"taxonomy":"category","embeddable":true,"href":"https:\/\/sertv.gob.pa\/nacionalfm\/wp-json\/wp\/v2\/categories?post=823"},{"taxonomy":"post_tag","embeddable":true,"href":"https:\/\/sertv.gob.pa\/nacionalfm\/wp-json\/wp\/v2\/tags?post=823"}],"curies":[{"name":"wp","href":"https:\/\/api.w.org\/{rel}","templated":true}]}}