{"id":82301,"date":"2022-05-17T18:57:10","date_gmt":"2022-05-17T18:57:10","guid":{"rendered":"https:\/\/sertv.gob.pa\/nacionalfm\/?p=82301"},"modified":"2022-05-17T18:57:10","modified_gmt":"2022-05-17T18:57:10","slug":"la-onu-traslada-su-preocupacion-ante-la-inminente-ejecucion-del-medico-y-academico-ahmedreza-djalali-en-iran","status":"publish","type":"post","link":"https:\/\/sertv.gob.pa\/nacionalfm\/la-onu-traslada-su-preocupacion-ante-la-inminente-ejecucion-del-medico-y-academico-ahmedreza-djalali-en-iran\/","title":{"rendered":"La ONU traslada su preocupaci\u00f3n ante la \u00abinminente\u00bb ejecuci\u00f3n del m\u00e9dico y acad\u00e9mico Ahmedreza Djalali en Ir\u00e1n"},"content":{"rendered":"<p><strong><em>\u00a0<\/em><\/strong><\/p>\n<p><strong><em>MADRID, (EUROPA PRESS) &#8211;<\/em><\/strong><\/p>\n<p>&nbsp;<\/p>\n<p>La portavoz del Alto Comisionado de Naciones Unidas para los Derechos Humanos (ACNUDH), Liz Throssell, ha trasladado su preocupaci\u00f3n ante la \u00abejecuci\u00f3n inminente\u00bb del m\u00e9dico y acad\u00e9mico sueco-iran\u00ed Ahmedreza Djalali en Ir\u00e1n.<\/p>\n<p>Djalali fue arrestado en abril de 2016 en el marco de una visita a Ir\u00e1n para asistir a una serie de conferencias sobre medicina de desastres. En aquel momento se le acus\u00f3 de espionaje y, m\u00e1s tarde, fue declarado por la justicia iran\u00ed como culpable y sentenciado tras una declaraci\u00f3n que, seg\u00fan informes, fue obtenida por medio de la tortura y en un juicio sin garant\u00edas.<\/p>\n<p>Ahora, las autoridades iran\u00edes han anunciado que, si bien la ejecuci\u00f3n programada para el s\u00e1bado podr\u00eda posponerse, \u00abel veredicto es definitivo y la ejecuci\u00f3n se llevar\u00e1 a cabo\u00bb. Throssell ha advertido de que si finalmente se acaba con la vida de Djalali, se estar\u00eda llevando a cabo la privaci\u00f3n arbitraria de una vida.<\/p>\n<p>\u00abEl uso de la pena de muerte por delitos de espionaje es incompatible con el derecho internacional de los Derechos Humanos\u00bb, ha advertido la portavoz de ACNUDH, quien ha remarcado que aquellos pa\u00edses que a\u00fan no han abolido la pena de muerte tan solo pueden imponerla por los \u00abdelitos m\u00e1s graves\u00bb.<\/p>\n<p>&nbsp;<\/p>\n<p>Fuente: EUROPA PRESS<\/p>\n","protected":false},"excerpt":{"rendered":"<p>\u00a0 MADRID, (EUROPA PRESS) &#8211; &nbsp; La portavoz del Alto <a href=\"https:\/\/sertv.gob.pa\/nacionalfm\/la-onu-traslada-su-preocupacion-ante-la-inminente-ejecucion-del-medico-y-academico-ahmedreza-djalali-en-iran\/\"> [&#8230;]<\/a><\/p>\n","protected":false},"author":9,"featured_media":82302,"comment_status":"closed","ping_status":"closed","sticky":false,"template":"","format":"standard","meta":{"footnotes":""},"categories":[3],"tags":[],"class_list":["post-82301","post","type-post","status-publish","format-standard","has-post-thumbnail","hentry","category-internacionales"],"_links":{"self":[{"href":"https:\/\/sertv.gob.pa\/nacionalfm\/wp-json\/wp\/v2\/posts\/82301","targetHints":{"allow":["GET"]}}],"collection":[{"href":"https:\/\/sertv.gob.pa\/nacionalfm\/wp-json\/wp\/v2\/posts"}],"about":[{"href":"https:\/\/sertv.gob.pa\/nacionalfm\/wp-json\/wp\/v2\/types\/post"}],"author":[{"embeddable":true,"href":"https:\/\/sertv.gob.pa\/nacionalfm\/wp-json\/wp\/v2\/users\/9"}],"replies":[{"embeddable":true,"href":"https:\/\/sertv.gob.pa\/nacionalfm\/wp-json\/wp\/v2\/comments?post=82301"}],"version-history":[{"count":1,"href":"https:\/\/sertv.gob.pa\/nacionalfm\/wp-json\/wp\/v2\/posts\/82301\/revisions"}],"predecessor-version":[{"id":82303,"href":"https:\/\/sertv.gob.pa\/nacionalfm\/wp-json\/wp\/v2\/posts\/82301\/revisions\/82303"}],"wp:featuredmedia":[{"embeddable":true,"href":"https:\/\/sertv.gob.pa\/nacionalfm\/wp-json\/wp\/v2\/media\/82302"}],"wp:attachment":[{"href":"https:\/\/sertv.gob.pa\/nacionalfm\/wp-json\/wp\/v2\/media?parent=82301"}],"wp:term":[{"taxonomy":"category","embeddable":true,"href":"https:\/\/sertv.gob.pa\/nacionalfm\/wp-json\/wp\/v2\/categories?post=82301"},{"taxonomy":"post_tag","embeddable":true,"href":"https:\/\/sertv.gob.pa\/nacionalfm\/wp-json\/wp\/v2\/tags?post=82301"}],"curies":[{"name":"wp","href":"https:\/\/api.w.org\/{rel}","templated":true}]}}