{"id":82358,"date":"2022-05-18T19:31:29","date_gmt":"2022-05-18T19:31:29","guid":{"rendered":"https:\/\/sertv.gob.pa\/nacionalfm\/?p=82358"},"modified":"2022-05-18T19:31:29","modified_gmt":"2022-05-18T19:31:29","slug":"uno-de-los-agentes-implicados-en-el-asesinato-de-floyd-se-declara-culpable-de-un-cargo-de-homicidio-involuntario","status":"publish","type":"post","link":"https:\/\/sertv.gob.pa\/nacionalfm\/uno-de-los-agentes-implicados-en-el-asesinato-de-floyd-se-declara-culpable-de-un-cargo-de-homicidio-involuntario\/","title":{"rendered":"Uno de los agentes implicados en el asesinato de Floyd se declara culpable de un cargo de homicidio involuntario"},"content":{"rendered":"<p><strong><em>MADRID, (EUROPA PRESS) &#8211;<\/em><\/strong><\/p>\n<p>&nbsp;<\/p>\n<p>Thomas Lane, uno de los agentes de la Polic\u00eda de Mine\u00e1polis que particip\u00f3 en el fat\u00eddico arresto del ciudadano afroamericano George Floyd en mayo de 2020, se ha declarado culpable este mi\u00e9rcoles de un cargo de homicidio involuntario.<\/p>\n<p>En concreto, Lane ha aceptado un delito estatal de c\u00f3mplice de homicidio involuntario en segundo grado, seg\u00fan ha contado la fiscal general de Minesota, Keith Ellison. Como parte del acuerdo de culpabilidad se ha desestimado el de c\u00f3mplice de asesinato en segundo grado.<\/p>\n<p>Tanto la Fiscal\u00eda de Minesota como la defensa de Lane han solicitado de manera conjunta al tribunal una pena de tres a\u00f1os de c\u00e1rcel. La sentencia definitiva ser\u00e1 fijada el pr\u00f3ximo 21 de septiembre, informa la cadena NBC.<\/p>\n<p>\u00abMe complace que Thomas Lane haya aceptado su papel en la muerte de Floyd. Reconocer que hizo algo mal es un paso importante para sanar las heridas de la familia Floyd, nuestra comunidad y la naci\u00f3n\u00bb, ha subrayado la fiscal Ellis.<\/p>\n<p>Durante su comparecencia ante el tribunal en febrero, Lane asegur\u00f3 que intent\u00f3 ayudar a los servicios m\u00e9dicos despu\u00e9s de que Floyd hubiera perdido el pulso<\/p>\n<p>Ha comunicado tambi\u00e9n que la Fiscal\u00eda ya prepara el juicio de los otros dos polic\u00edas implicados en aquella muerte, J. Alexander Kueng y Tou Thao, previsto para el 13 de junio, y en el que ambos deber\u00e1n responder por cargos de asesinato no intencionado en segundo grado y de homicidio involuntario en segundo grado.<\/p>\n<p>Con anterioridad, los tres ya fueron condenados en febrero por violar los derechos civiles de Floyd por no haberle facilitado atenci\u00f3n m\u00e9dica despu\u00e9s de que m\u00e1s de que en casi treinta ocasiones alertara de que no pod\u00eda respirar.<\/p>\n<p>Adem\u00e1s, Kueng y Thao fueron tambi\u00e9n condenados por no intervenir y dejar que muriera de manera ag\u00f3nica bajo la rodilla y los golpes de Derek Chauvin, el principal responsable de aquella muerte que provoc\u00f3 meses de fuertes protestas que volvieron a levantar los viejos fantasmas del racismo en la Polic\u00eda estadounidense.<\/p>\n<p>En junio de 2021, Chauvin fue sentenciado a 22 a\u00f1os y medio de c\u00e1rcel despu\u00e9s de que doce integrantes de un jurado popular le encontraran culpable de asesinato involuntario en segundo grado, asesinato en tercer grado y homicidio en segundo grado. Luego en diciembre, fue declarado culpable de violar los derechos civiles de Floyd, por lo que se enfrenta a otros 25 a\u00f1os de prisi\u00f3n m\u00e1s.<\/p>\n<p>&nbsp;<\/p>\n<p>Fuente: EUROPA PRESS<\/p>\n<p>&nbsp;<\/p>\n","protected":false},"excerpt":{"rendered":"<p>MADRID, (EUROPA PRESS) &#8211; &nbsp; Thomas Lane, uno de los <a href=\"https:\/\/sertv.gob.pa\/nacionalfm\/uno-de-los-agentes-implicados-en-el-asesinato-de-floyd-se-declara-culpable-de-un-cargo-de-homicidio-involuntario\/\"> [&#8230;]<\/a><\/p>\n","protected":false},"author":9,"featured_media":82359,"comment_status":"closed","ping_status":"closed","sticky":false,"template":"","format":"standard","meta":{"footnotes":""},"categories":[3],"tags":[],"class_list":["post-82358","post","type-post","status-publish","format-standard","has-post-thumbnail","hentry","category-internacionales"],"_links":{"self":[{"href":"https:\/\/sertv.gob.pa\/nacionalfm\/wp-json\/wp\/v2\/posts\/82358","targetHints":{"allow":["GET"]}}],"collection":[{"href":"https:\/\/sertv.gob.pa\/nacionalfm\/wp-json\/wp\/v2\/posts"}],"about":[{"href":"https:\/\/sertv.gob.pa\/nacionalfm\/wp-json\/wp\/v2\/types\/post"}],"author":[{"embeddable":true,"href":"https:\/\/sertv.gob.pa\/nacionalfm\/wp-json\/wp\/v2\/users\/9"}],"replies":[{"embeddable":true,"href":"https:\/\/sertv.gob.pa\/nacionalfm\/wp-json\/wp\/v2\/comments?post=82358"}],"version-history":[{"count":1,"href":"https:\/\/sertv.gob.pa\/nacionalfm\/wp-json\/wp\/v2\/posts\/82358\/revisions"}],"predecessor-version":[{"id":82360,"href":"https:\/\/sertv.gob.pa\/nacionalfm\/wp-json\/wp\/v2\/posts\/82358\/revisions\/82360"}],"wp:featuredmedia":[{"embeddable":true,"href":"https:\/\/sertv.gob.pa\/nacionalfm\/wp-json\/wp\/v2\/media\/82359"}],"wp:attachment":[{"href":"https:\/\/sertv.gob.pa\/nacionalfm\/wp-json\/wp\/v2\/media?parent=82358"}],"wp:term":[{"taxonomy":"category","embeddable":true,"href":"https:\/\/sertv.gob.pa\/nacionalfm\/wp-json\/wp\/v2\/categories?post=82358"},{"taxonomy":"post_tag","embeddable":true,"href":"https:\/\/sertv.gob.pa\/nacionalfm\/wp-json\/wp\/v2\/tags?post=82358"}],"curies":[{"name":"wp","href":"https:\/\/api.w.org\/{rel}","templated":true}]}}