{"id":82419,"date":"2022-05-20T19:55:08","date_gmt":"2022-05-20T19:55:08","guid":{"rendered":"https:\/\/sertv.gob.pa\/nacionalfm\/?p=82419"},"modified":"2022-05-20T19:55:08","modified_gmt":"2022-05-20T19:55:08","slug":"suecia-declara-la-viruela-del-mono-como-enfermedad-peligrosa-tras-confirmar-el-primer-caso","status":"publish","type":"post","link":"https:\/\/sertv.gob.pa\/nacionalfm\/suecia-declara-la-viruela-del-mono-como-enfermedad-peligrosa-tras-confirmar-el-primer-caso\/","title":{"rendered":"Suecia declara la viruela del mono como enfermedad peligrosa tras confirmar el primer caso"},"content":{"rendered":"<p><strong><em>MADRID, (EUROPA PRESS) \u2013<\/em><\/strong><\/p>\n<p><strong><em>\u00a0<\/em><\/strong><\/p>\n<p>El Ministerio de Salud y Asuntos Sociales de Suecia ha catalogado la viruela del mono como una enfermedad peligrosa tras confirmar el primer caso, uni\u00e9ndose as\u00ed a otros pa\u00edses europeos como Espa\u00f1a, B\u00e9lgica o Portugal, que ya han anunciado las primeras infecciones.<\/p>\n<p>As\u00ed lo ha confirmado la encargada de la cartera sanitaria, Lena Hallengren, quien ha explicado que el Ejecutivo ha adoptado la decisi\u00f3n tras recibir una solicitud de la Agencia de Salud P\u00fablica de Suecia, seg\u00fan explica el diario &#8216;Atonbladet&#8217;.<\/p>\n<p>Por tanto, tras catalogar la enfermedad como peligrosa para la poblaci\u00f3n general, el Gobierno cuenta ahora con la autoridad para tomar medidas de control de las infecciones para evitar que el virus se propague.<\/p>\n<p>La Comisi\u00f3n Europea ha indicado este mismo viernes que vigila \u00abcon mucha, mucha, atenci\u00f3n\u00bb la evoluci\u00f3n de la viruela del mono en la Uni\u00f3n Europea, un virus poco frecuente en Europa y que las autoridades sanitarias consideran de transmisibilidad \u00abmoderada\u00bb.<\/p>\n<p>La UE ha elevado la atenci\u00f3n sobre esta enfermedad despu\u00e9s de que se hayan notificado recientemente varios brotes de viruela del mono en pa\u00edses en los que no es habitual como Espa\u00f1a, B\u00e9lgica, Estados Unidos, Gran Breta\u00f1a y Portugal.<\/p>\n<p>La viruela del mono se da en \u00c1frica Central y Occidental, a menudo cerca de las selvas tropicales, y se considera end\u00e9mica en la Rep\u00fablica Democr\u00e1tica del Congo, donde se descubri\u00f3 por primera vez en humanos en 1970.<\/p>\n<p>La mayor\u00eda de los casos registrados hasta ahora son de hombres que han tenido contacto sexual con otros hombres. El virus suele causar s\u00edntomas similares a los de la viruela, pero m\u00e1s leves, aunque algunos casos pueden ser graves.<\/p>\n<p>&nbsp;<\/p>\n<p>Fuente: EUROPA PRESS<\/p>\n","protected":false},"excerpt":{"rendered":"<p>MADRID, (EUROPA PRESS) \u2013 \u00a0 El Ministerio de Salud y <a href=\"https:\/\/sertv.gob.pa\/nacionalfm\/suecia-declara-la-viruela-del-mono-como-enfermedad-peligrosa-tras-confirmar-el-primer-caso\/\"> [&#8230;]<\/a><\/p>\n","protected":false},"author":9,"featured_media":82420,"comment_status":"closed","ping_status":"closed","sticky":false,"template":"","format":"standard","meta":{"footnotes":""},"categories":[3],"tags":[],"class_list":["post-82419","post","type-post","status-publish","format-standard","has-post-thumbnail","hentry","category-internacionales"],"_links":{"self":[{"href":"https:\/\/sertv.gob.pa\/nacionalfm\/wp-json\/wp\/v2\/posts\/82419","targetHints":{"allow":["GET"]}}],"collection":[{"href":"https:\/\/sertv.gob.pa\/nacionalfm\/wp-json\/wp\/v2\/posts"}],"about":[{"href":"https:\/\/sertv.gob.pa\/nacionalfm\/wp-json\/wp\/v2\/types\/post"}],"author":[{"embeddable":true,"href":"https:\/\/sertv.gob.pa\/nacionalfm\/wp-json\/wp\/v2\/users\/9"}],"replies":[{"embeddable":true,"href":"https:\/\/sertv.gob.pa\/nacionalfm\/wp-json\/wp\/v2\/comments?post=82419"}],"version-history":[{"count":1,"href":"https:\/\/sertv.gob.pa\/nacionalfm\/wp-json\/wp\/v2\/posts\/82419\/revisions"}],"predecessor-version":[{"id":82421,"href":"https:\/\/sertv.gob.pa\/nacionalfm\/wp-json\/wp\/v2\/posts\/82419\/revisions\/82421"}],"wp:featuredmedia":[{"embeddable":true,"href":"https:\/\/sertv.gob.pa\/nacionalfm\/wp-json\/wp\/v2\/media\/82420"}],"wp:attachment":[{"href":"https:\/\/sertv.gob.pa\/nacionalfm\/wp-json\/wp\/v2\/media?parent=82419"}],"wp:term":[{"taxonomy":"category","embeddable":true,"href":"https:\/\/sertv.gob.pa\/nacionalfm\/wp-json\/wp\/v2\/categories?post=82419"},{"taxonomy":"post_tag","embeddable":true,"href":"https:\/\/sertv.gob.pa\/nacionalfm\/wp-json\/wp\/v2\/tags?post=82419"}],"curies":[{"name":"wp","href":"https:\/\/api.w.org\/{rel}","templated":true}]}}