{"id":82422,"date":"2022-05-20T20:18:10","date_gmt":"2022-05-20T20:18:10","guid":{"rendered":"https:\/\/sertv.gob.pa\/nacionalfm\/?p=82422"},"modified":"2022-05-20T20:18:10","modified_gmt":"2022-05-20T20:18:10","slug":"zona-franca-en-chepo-inicia-operaciones","status":"publish","type":"post","link":"https:\/\/sertv.gob.pa\/nacionalfm\/zona-franca-en-chepo-inicia-operaciones\/","title":{"rendered":"Zona Franca en Chepo, inicia operaciones"},"content":{"rendered":"<p>Aristos, la primera zona franca establecida en Puerto Coquira, distrito de Chepo, inaugur\u00f3 sus instalaciones este jueves, durante un acto que cont\u00f3 con la presencia de altos ejecutivos de la empresa Inmobiliaria Bayano, autoridades locales, directivos de la Autoridad Nacional de Aduanas (ANA) y del Ministerio de Comercio e industrias (MICI).<\/p>\n<p>&nbsp;<\/p>\n<p>Tras completar la construcci\u00f3n de su infraestructura b\u00e1sica, Aristos se vislumbra como un punto vital para el crecimiento agrocomercial y log\u00edstico de Panam\u00e1 Este, as\u00ed como una fuente valiosa de inversiones y empleos para la regi\u00f3n, destac\u00f3 \u00c1mbar Ruiz Chaper\u00f3n, directora General de Zonas Francas del MICI, durante su intervenci\u00f3n.<\/p>\n<p>&nbsp;<\/p>\n<p>\u201cHoy, somos testigos de que el dinamismo y el apoyo que el Gobierno Nacional les est\u00e1 brindando a los empresarios de zonas francas, hace posible que estos proyectos sean una realidad material en corto tiempo, generando oportunidades que se alinean con los objetivos planteados en el plan de acci\u00f3n del presidente Laurentino Cortizo Cohen, que impactan en todo el pa\u00eds\u201d, dijo.<\/p>\n<p>&nbsp;<\/p>\n<p>Igualmente, la directora del MICI destac\u00f3 que esta zona franca dar\u00e1 impulso a la vida comercial de Chepo y ser\u00e1 una soluci\u00f3n para que los productores agropecuarios del sur de Dari\u00e9n puedan sacar sus productos por barcaza a falta de conectividad terrestre, reduciendo as\u00ed sus mermas.<\/p>\n<p>&nbsp;<\/p>\n<p>\u201cDesde el MICI continuaremos cumpliendo nuestro compromiso de impulsar a los diversos sectores productivos y fomentar nuevas inversiones a nivel nacional, incluyendo a sectores apartados, acercando empleos estables que combatan la sexta frontera en las comunidades perif\u00e9ricas\u201d, acot\u00f3.<\/p>\n<p>&nbsp;<\/p>\n<p>El pasado 5 de febrero 2021, el Consejo de Gabinete concedi\u00f3 a los desarrolladores de Aristos la licencia de operaci\u00f3n como Promotor y Operador de Zona Franca, considerando el cumplimiento de todos los requisitos exigidos por la ley.<\/p>\n<p>&nbsp;<\/p>\n<p>Fuente: MICI<\/p>\n","protected":false},"excerpt":{"rendered":"<p>Aristos, la primera zona franca establecida en Puerto Coquira, distrito <a href=\"https:\/\/sertv.gob.pa\/nacionalfm\/zona-franca-en-chepo-inicia-operaciones\/\"> [&#8230;]<\/a><\/p>\n","protected":false},"author":9,"featured_media":82423,"comment_status":"closed","ping_status":"closed","sticky":false,"template":"","format":"standard","meta":{"footnotes":""},"categories":[2],"tags":[],"class_list":["post-82422","post","type-post","status-publish","format-standard","has-post-thumbnail","hentry","category-nacionales"],"_links":{"self":[{"href":"https:\/\/sertv.gob.pa\/nacionalfm\/wp-json\/wp\/v2\/posts\/82422","targetHints":{"allow":["GET"]}}],"collection":[{"href":"https:\/\/sertv.gob.pa\/nacionalfm\/wp-json\/wp\/v2\/posts"}],"about":[{"href":"https:\/\/sertv.gob.pa\/nacionalfm\/wp-json\/wp\/v2\/types\/post"}],"author":[{"embeddable":true,"href":"https:\/\/sertv.gob.pa\/nacionalfm\/wp-json\/wp\/v2\/users\/9"}],"replies":[{"embeddable":true,"href":"https:\/\/sertv.gob.pa\/nacionalfm\/wp-json\/wp\/v2\/comments?post=82422"}],"version-history":[{"count":1,"href":"https:\/\/sertv.gob.pa\/nacionalfm\/wp-json\/wp\/v2\/posts\/82422\/revisions"}],"predecessor-version":[{"id":82424,"href":"https:\/\/sertv.gob.pa\/nacionalfm\/wp-json\/wp\/v2\/posts\/82422\/revisions\/82424"}],"wp:featuredmedia":[{"embeddable":true,"href":"https:\/\/sertv.gob.pa\/nacionalfm\/wp-json\/wp\/v2\/media\/82423"}],"wp:attachment":[{"href":"https:\/\/sertv.gob.pa\/nacionalfm\/wp-json\/wp\/v2\/media?parent=82422"}],"wp:term":[{"taxonomy":"category","embeddable":true,"href":"https:\/\/sertv.gob.pa\/nacionalfm\/wp-json\/wp\/v2\/categories?post=82422"},{"taxonomy":"post_tag","embeddable":true,"href":"https:\/\/sertv.gob.pa\/nacionalfm\/wp-json\/wp\/v2\/tags?post=82422"}],"curies":[{"name":"wp","href":"https:\/\/api.w.org\/{rel}","templated":true}]}}