{"id":82432,"date":"2022-05-20T20:56:11","date_gmt":"2022-05-20T20:56:11","guid":{"rendered":"https:\/\/sertv.gob.pa\/nacionalfm\/?p=82432"},"modified":"2022-05-20T20:56:11","modified_gmt":"2022-05-20T20:56:11","slug":"sinaproc-mantiene-alerta-amarilla-en-tres-provincias-y-una-comarca","status":"publish","type":"post","link":"https:\/\/sertv.gob.pa\/nacionalfm\/sinaproc-mantiene-alerta-amarilla-en-tres-provincias-y-una-comarca\/","title":{"rendered":"SINAPROC mantiene \u201cAlerta Amarilla\u201d, en tres provincias y una Comarca"},"content":{"rendered":"<p><strong><em>Este mi\u00e9rcoles, 18 de mayo de 2022 se elev\u00f3 Alerta Amarilla a las provincias de Bocas del Toro, Chiriqu\u00ed, Veraguas y la Comarca Ng\u00e4be Bugl\u00e9.<\/em><\/strong><\/p>\n<p><strong><em>Se mantiene la Alerta Verde en las provincias de: Panam\u00e1, Panam\u00e1 Oeste, Cocl\u00e9, Herrera, Los Santos, Col\u00f3n, Dari\u00e9n, Comarca Ember\u00e1 Wounaan y Comarca Guna Yala.<\/em><\/strong><\/p>\n<p>A la fecha se reportaron los desbordamientos de los r\u00edos Zapallal y Cucunat\u00ed en Santa Fe, Dari\u00e9n sin registro de desaparecidos solo p\u00e9rdidas parciales de enseres en un aproximado de 7 viviendas.<\/p>\n<p>En Cocl\u00e9, los r\u00edos Chico, Grande y Pocr\u00ed se mantienen acrecentados pero en su cauce.<\/p>\n<p><strong><em>Seg\u00fan el Instituto de Meteorolog\u00eda e Hidrolog\u00eda de Panam\u00e1 (IMHPA), el desplazamiento de la Onda Tropical # 1 se ubica fuera del territorio paname\u00f1o, sin embargo, mantienen influencias para el desarrollo y propagaci\u00f3n de nubosidades asociadas a lluvias y tormentas en las provincias de Chiriqu\u00ed, Veraguas, Comarca Ng\u00e4be Bugl\u00e9 y Cocl\u00e9.<br \/>\nEsto obedece a los sistemas de baja presi\u00f3n (vientos, nubosidad y precipitaciones), que podr\u00edan presentarse hasta este 21 de mayo de 2022.<\/em><\/strong><\/p>\n<p>Las m\u00e1ximas mareas con 5.30 metros de altura se registrar\u00e1n en el Pac\u00edfico paname\u00f1o hasta este viernes 20 de mayo de 2022.<\/p>\n<p><strong>Preparaci\u00f3n y respuesta\u00a0<\/strong><br \/>\nA trav\u00e9s del Centro de Operaciones de Emergencias Nacional (COEN) se coordina la vigilancia y monitoreo de las acciones operativas en todo el pa\u00eds, para garantizar la protecci\u00f3n civil.<\/p>\n<p><strong><em>En atenci\u00f3n a posibles emergencias, cada provincia en Alerta Amarilla convoc\u00f3 a sus equipos para la evaluaci\u00f3n de da\u00f1os y necesidades (EDAN), y a los equipos de B\u00fasqueda y Rescate. La Fuerza de Tarea Conjunta se mantiene activa bajo la coordinaci\u00f3n del SINAPROC.<\/em><\/strong><\/p>\n<p>En la provincia de Chiriqu\u00ed, personal de primera respuesta entre voluntarios y funcionarios se encuentran desplazados en Tierras Altas, Puerto Armuelles, Bugaba, y Bar\u00fa.<\/p>\n<p>Los Centros de Operaciones de Emergencias Provinciales (COEP) en Chiriqu\u00ed, Veraguas y Bocas del Toro se mantienen activos.<\/p>\n<p><strong>Movilizaci\u00f3n de Recursos:<\/strong><br \/>\nEl cuerpo de voluntarios a nivel nacional se mantiene presto a la atenci\u00f3n de emergencias (mil personas de las bases provinciales y regionales).<br \/>\nUn aproximado de 250 colaboradores est\u00e1n preparados para las acciones humanitarias y operativas.<\/p>\n<p>El SINAPROC, tiene la misi\u00f3n de salvaguardar la vida de nacionales y extranjeros ante posibles amenazas.<\/p>\n<p><strong>En caso de emergencias llamar al 520 4429 0 911.<\/strong><\/p>\n<p>&nbsp;<\/p>\n<p>Fuente: SINAPROC<\/p>\n<p>&nbsp;<\/p>\n","protected":false},"excerpt":{"rendered":"<p>Este mi\u00e9rcoles, 18 de mayo de 2022 se elev\u00f3 Alerta <a href=\"https:\/\/sertv.gob.pa\/nacionalfm\/sinaproc-mantiene-alerta-amarilla-en-tres-provincias-y-una-comarca\/\"> [&#8230;]<\/a><\/p>\n","protected":false},"author":9,"featured_media":42885,"comment_status":"closed","ping_status":"closed","sticky":false,"template":"","format":"standard","meta":{"footnotes":""},"categories":[2],"tags":[],"class_list":["post-82432","post","type-post","status-publish","format-standard","has-post-thumbnail","hentry","category-nacionales"],"_links":{"self":[{"href":"https:\/\/sertv.gob.pa\/nacionalfm\/wp-json\/wp\/v2\/posts\/82432","targetHints":{"allow":["GET"]}}],"collection":[{"href":"https:\/\/sertv.gob.pa\/nacionalfm\/wp-json\/wp\/v2\/posts"}],"about":[{"href":"https:\/\/sertv.gob.pa\/nacionalfm\/wp-json\/wp\/v2\/types\/post"}],"author":[{"embeddable":true,"href":"https:\/\/sertv.gob.pa\/nacionalfm\/wp-json\/wp\/v2\/users\/9"}],"replies":[{"embeddable":true,"href":"https:\/\/sertv.gob.pa\/nacionalfm\/wp-json\/wp\/v2\/comments?post=82432"}],"version-history":[{"count":1,"href":"https:\/\/sertv.gob.pa\/nacionalfm\/wp-json\/wp\/v2\/posts\/82432\/revisions"}],"predecessor-version":[{"id":82436,"href":"https:\/\/sertv.gob.pa\/nacionalfm\/wp-json\/wp\/v2\/posts\/82432\/revisions\/82436"}],"wp:featuredmedia":[{"embeddable":true,"href":"https:\/\/sertv.gob.pa\/nacionalfm\/wp-json\/wp\/v2\/media\/42885"}],"wp:attachment":[{"href":"https:\/\/sertv.gob.pa\/nacionalfm\/wp-json\/wp\/v2\/media?parent=82432"}],"wp:term":[{"taxonomy":"category","embeddable":true,"href":"https:\/\/sertv.gob.pa\/nacionalfm\/wp-json\/wp\/v2\/categories?post=82432"},{"taxonomy":"post_tag","embeddable":true,"href":"https:\/\/sertv.gob.pa\/nacionalfm\/wp-json\/wp\/v2\/tags?post=82432"}],"curies":[{"name":"wp","href":"https:\/\/api.w.org\/{rel}","templated":true}]}}