{"id":82498,"date":"2022-05-24T18:06:58","date_gmt":"2022-05-24T18:06:58","guid":{"rendered":"https:\/\/sertv.gob.pa\/nacionalfm\/?p=82498"},"modified":"2022-05-24T18:06:58","modified_gmt":"2022-05-24T18:06:58","slug":"hungria-declara-el-estado-de-emergencia-ante-la-amenaza-que-supone-la-guerra-en-ucrania","status":"publish","type":"post","link":"https:\/\/sertv.gob.pa\/nacionalfm\/hungria-declara-el-estado-de-emergencia-ante-la-amenaza-que-supone-la-guerra-en-ucrania\/","title":{"rendered":"Hungr\u00eda declara el estado de emergencia ante la amenaza que supone la guerra en Ucrania."},"content":{"rendered":"<p><strong><em>MADRID, (EUROPA PRESS) &#8211;<\/em><\/strong><\/p>\n<p>&nbsp;<\/p>\n<p>El Gobierno de Hungr\u00eda ha declarado este martes el estado de emergencia en el territorio nacional a partir de la media noche debido a la amenaza que seg\u00fan el primer ministro h\u00fangaro, Viktor Orb\u00e1n, supone para Budapest la guerra en Ucrania.<\/p>\n<p>El Ejecutivo h\u00fangaro ha tomado esta decisi\u00f3n con el fin de \u00absalvaguardar los intereses de seguridad nacional\u00bb, as\u00ed como \u00abproteger a las familias\u00bb y garantizar que el pa\u00eds se queda \u00abal margen\u00bb de la guerra en el pa\u00eds vecino, seg\u00fan palabras de Orb\u00e1n recogidas en Twitter por su portavoz, Zoltan Kovacs.<\/p>\n<p>Para el jefe de Gobierno h\u00fangaro, la guerra en Ucrania no solo es una amenaza por el riesgo f\u00edsico que supone, sino tambi\u00e9n porque desde su estallido se ha puesto en peligro el suministro el\u00e9ctrico e incluso la seguridad financiera de la econom\u00eda casi a nivel mundial.<\/p>\n<p>\u00abLa guerra y las sanciones de Bruselas (en alusi\u00f3n a la Uni\u00f3n Europea) han provocado una gran agitaci\u00f3n econ\u00f3mica y aumentos dr\u00e1sticos de los precios. El mundo est\u00e1 al borde de una crisis econ\u00f3mica\u00bb, ha advertido Orb\u00e1n en un mensaje publicado en su perfil de Facebook y recogido por el portal h\u00fangaro de noticias 24.hu.<\/p>\n<p>En este sentido, el primer ministro ha defendido que, al igual que cuando irrumpi\u00f3 el coronavirus, aplicar la medida de excepci\u00f3n permite al Ejecutivo tomar decisiones inmediatas encaminadas a proteger a la ciudadan\u00eda y la econom\u00eda h\u00fangara.<\/p>\n<p>De hecho, el estado de emergencia por la pandemia de coronavirus a\u00fan sigue vigente en Hungr\u00eda y est\u00e1 previsto que finalice el pr\u00f3ximo 31 de mayo, cuando habr\u00e1n pasado ya m\u00e1s de dos a\u00f1os desde que fuera aplicado.<\/p>\n<p>Este mismo martes el Parlamento de Hungr\u00eda ha aprobado &#8211;con 136 votos a favor y 36 en contra&#8211; una enmienda a la Ley B\u00e1sica del pa\u00eds por la cual se permite declarar el estado de emergencia en caso de que un pa\u00eds vecino est\u00e9 inmerso en una guerra.<\/p>\n<p>El estado de emergencia legitima al Gobierno para suspender la aplicaci\u00f3n de ciertas leyes, desviarse de las disposiciones legales y tomar medidas extraordinarias. Las normas permanecen en vigor durante quince d\u00edas, a menos que el Parlamento de &#8216;luz verde&#8217; al Ejecutivo para que las prorrogue.<\/p>\n<p>&nbsp;<\/p>\n<p>Fuente: EUROPA PRESS<\/p>\n","protected":false},"excerpt":{"rendered":"<p>MADRID, (EUROPA PRESS) &#8211; &nbsp; El Gobierno de Hungr\u00eda ha <a href=\"https:\/\/sertv.gob.pa\/nacionalfm\/hungria-declara-el-estado-de-emergencia-ante-la-amenaza-que-supone-la-guerra-en-ucrania\/\"> [&#8230;]<\/a><\/p>\n","protected":false},"author":9,"featured_media":82499,"comment_status":"closed","ping_status":"closed","sticky":false,"template":"","format":"standard","meta":{"footnotes":""},"categories":[3],"tags":[],"class_list":["post-82498","post","type-post","status-publish","format-standard","has-post-thumbnail","hentry","category-internacionales"],"_links":{"self":[{"href":"https:\/\/sertv.gob.pa\/nacionalfm\/wp-json\/wp\/v2\/posts\/82498","targetHints":{"allow":["GET"]}}],"collection":[{"href":"https:\/\/sertv.gob.pa\/nacionalfm\/wp-json\/wp\/v2\/posts"}],"about":[{"href":"https:\/\/sertv.gob.pa\/nacionalfm\/wp-json\/wp\/v2\/types\/post"}],"author":[{"embeddable":true,"href":"https:\/\/sertv.gob.pa\/nacionalfm\/wp-json\/wp\/v2\/users\/9"}],"replies":[{"embeddable":true,"href":"https:\/\/sertv.gob.pa\/nacionalfm\/wp-json\/wp\/v2\/comments?post=82498"}],"version-history":[{"count":1,"href":"https:\/\/sertv.gob.pa\/nacionalfm\/wp-json\/wp\/v2\/posts\/82498\/revisions"}],"predecessor-version":[{"id":82500,"href":"https:\/\/sertv.gob.pa\/nacionalfm\/wp-json\/wp\/v2\/posts\/82498\/revisions\/82500"}],"wp:featuredmedia":[{"embeddable":true,"href":"https:\/\/sertv.gob.pa\/nacionalfm\/wp-json\/wp\/v2\/media\/82499"}],"wp:attachment":[{"href":"https:\/\/sertv.gob.pa\/nacionalfm\/wp-json\/wp\/v2\/media?parent=82498"}],"wp:term":[{"taxonomy":"category","embeddable":true,"href":"https:\/\/sertv.gob.pa\/nacionalfm\/wp-json\/wp\/v2\/categories?post=82498"},{"taxonomy":"post_tag","embeddable":true,"href":"https:\/\/sertv.gob.pa\/nacionalfm\/wp-json\/wp\/v2\/tags?post=82498"}],"curies":[{"name":"wp","href":"https:\/\/api.w.org\/{rel}","templated":true}]}}