{"id":8253,"date":"2015-10-19T18:06:39","date_gmt":"2015-10-19T18:06:39","guid":{"rendered":""},"modified":"2015-10-19T18:06:39","modified_gmt":"2015-10-19T18:06:39","slug":"cifras-de-cancer-de-mama-van-en-aumento","status":"publish","type":"post","link":"https:\/\/sertv.gob.pa\/nacionalfm\/cifras-de-cancer-de-mama-van-en-aumento\/","title":{"rendered":"Cifras de c\u00e1ncer de mama van en aumento"},"content":{"rendered":"<p>\nLa incidencia de pacientes con c\u00e1ncer de mama en Panam\u00e1 va en aumento, a pesar de las constantes campa\u00f1as contra esta enfermedad. <\/p>\n<p>Seg\u00fan los registros del Instituto Oncol\u00f3gico Nacional (ION), entre el 2003 y el 2013 se atendieron al menos unas 31 mil 92 personas por este tipo de c\u00e1ncer. <\/p>\n<p>Este a\u00f1o, las estad\u00edsticas no han sido muy alentadoras, pues, desde enero a agosto, esta instituci\u00f3n ha atendido a unas 4,353. <\/p>\n<p>Las cifras dan cuenta de que la tendencia es al alza, pues para el 2014 se admitieron 3,867 durante el mismo periodo. <\/p>\n<p>El director del ION, An\u00edbal Villareal, dijo que &lsquo;la mala alimentaci\u00f3n y el sedentarismo son determinantes&#8217; en la incidencia de la enfermedad. <\/p>\n<p>Por tal motivo, el especialista recomend\u00f3 &lsquo;consumir m\u00e1s frutas y vegetales&#8217;. <\/p>\n<p>Este mal es la quinta causa de muertes mundialmente, seg\u00fan la Organizaci\u00f3n Mundial de la Salud (OMS). <\/p>\n<p>En Panam\u00e1, este tipo de afecci\u00f3n es la primera causa de decesos entre las mujeres, seguida por el c\u00e1ncer de pulm\u00f3n. <\/p>\n<p>Se estima que 1.79 millones de mujeres de todo el mundo sean diagnosticadas con c\u00e1ncer de mama este a\u00f1o. <\/p>\n<p>\u00a0 <\/p>\n","protected":false},"excerpt":{"rendered":"<p>La incidencia de pacientes con c\u00e1ncer de mama en Panam\u00e1 <a href=\"https:\/\/sertv.gob.pa\/nacionalfm\/cifras-de-cancer-de-mama-van-en-aumento\/\"> [&#8230;]<\/a><\/p>\n","protected":false},"author":1,"featured_media":8254,"comment_status":"closed","ping_status":"closed","sticky":false,"template":"","format":"standard","meta":{"footnotes":""},"categories":[5],"tags":[],"class_list":["post-8253","post","type-post","status-publish","format-standard","has-post-thumbnail","hentry","category-salud"],"_links":{"self":[{"href":"https:\/\/sertv.gob.pa\/nacionalfm\/wp-json\/wp\/v2\/posts\/8253","targetHints":{"allow":["GET"]}}],"collection":[{"href":"https:\/\/sertv.gob.pa\/nacionalfm\/wp-json\/wp\/v2\/posts"}],"about":[{"href":"https:\/\/sertv.gob.pa\/nacionalfm\/wp-json\/wp\/v2\/types\/post"}],"author":[{"embeddable":true,"href":"https:\/\/sertv.gob.pa\/nacionalfm\/wp-json\/wp\/v2\/users\/1"}],"replies":[{"embeddable":true,"href":"https:\/\/sertv.gob.pa\/nacionalfm\/wp-json\/wp\/v2\/comments?post=8253"}],"version-history":[{"count":0,"href":"https:\/\/sertv.gob.pa\/nacionalfm\/wp-json\/wp\/v2\/posts\/8253\/revisions"}],"wp:featuredmedia":[{"embeddable":true,"href":"https:\/\/sertv.gob.pa\/nacionalfm\/wp-json\/wp\/v2\/media\/8254"}],"wp:attachment":[{"href":"https:\/\/sertv.gob.pa\/nacionalfm\/wp-json\/wp\/v2\/media?parent=8253"}],"wp:term":[{"taxonomy":"category","embeddable":true,"href":"https:\/\/sertv.gob.pa\/nacionalfm\/wp-json\/wp\/v2\/categories?post=8253"},{"taxonomy":"post_tag","embeddable":true,"href":"https:\/\/sertv.gob.pa\/nacionalfm\/wp-json\/wp\/v2\/tags?post=8253"}],"curies":[{"name":"wp","href":"https:\/\/api.w.org\/{rel}","templated":true}]}}