{"id":82565,"date":"2022-05-25T19:24:53","date_gmt":"2022-05-25T19:24:53","guid":{"rendered":"https:\/\/sertv.gob.pa\/nacionalfm\/?p=82565"},"modified":"2022-05-25T19:29:36","modified_gmt":"2022-05-25T19:29:36","slug":"el-tirador-de-la-escuela-de-uvalde-se-atrinchero-con-sus-victimas-antes-de-ejecutarlas","status":"publish","type":"post","link":"https:\/\/sertv.gob.pa\/nacionalfm\/el-tirador-de-la-escuela-de-uvalde-se-atrinchero-con-sus-victimas-antes-de-ejecutarlas\/","title":{"rendered":"El tirador de la escuela de Uvalde se atrincher\u00f3 con sus v\u00edctimas antes de ejecutarlas"},"content":{"rendered":"<p>La Fiscal\u00eda de Texas propone un \u00abprograma de capacitaci\u00f3n\u00bb para preparar a los maestros a \u00abdefender\u00bb las escuelas<\/p>\n<p><strong><em>\u00a0<\/em><\/strong><\/p>\n<p><strong><em>MADRID, (EUROPA PRESS) &#8211;<\/em><\/strong><\/p>\n<p>&nbsp;<\/p>\n<p>Salvador Raimondo Ramos, el joven identificado como el tirador de la escuela primaria de Uvalde, se atrincher\u00f3 junto a sus v\u00edctimas en un sal\u00f3n de actos del centro antes de ejecutarlas, seg\u00fan ha contado el portavoz del Departamento de Seguridad P\u00fablica de Texas, el teniente Chris Olivarez.<\/p>\n<p>Ramos se parapet\u00f3 en torno a sus v\u00edctimas y les dispar\u00f3, matando a dos maestros y a 19 ni\u00f1os, ha contado Olivarez, para quien est\u00e1 forma de actuar muestra \u00absimplemente la total maldad del tirador\u00bb, informa la CNN.<\/p>\n<p>Olivarez ha contado que los agentes encargados de detener a Ramos recorrieron la escuela casi por completo antes de poder dar con \u00e9l, forzar la cerradura del sal\u00f3n de actos y abatirle. El joven de 18 a\u00f1os vest\u00eda un chaleco antibalas \u00abutilizado por equipos t\u00e1cticos, como los SWAT\u00bb, y portaba un rifle de asalto.<\/p>\n<p>Por el momento, Olivarez no se ha atrevido a dar una cifra de cu\u00e1ntos m\u00e1s ni\u00f1os podr\u00edan estar heridos. \u00abEra un sal\u00f3n de actos peque\u00f1o, pudo haber entre 25 y 30 estudiantes all\u00ed (&#8230;) no tengo el n\u00famero exacto (&#8230;). Era el t\u00edpico donde hay grandes grupos de ni\u00f1os (&#8230;) todos juntos, sin ning\u00fan lugar a donde ir\u00bb, ha dicho.<\/p>\n<p>\u00abHay muchas preguntas sin respuesta\u00bb, ha expresado Olivarez, quien ha informado de que las autoridades de Texas trabajan ya con el FBI para determinar si la escuela era un objetivo espec\u00edfico de Ramos. \u00abEstamos mirando si hab\u00eda alg\u00fan indicador, alguna bandera roja, mirando redes sociales\u00bb, ha explicado.<\/p>\n<p>\u00abLo que sabemos sobre el tirador es que resid\u00eda aqu\u00ed en Uvalde, asisti\u00f3 a una de las escuelas secundarias locales, viv\u00eda con sus abuelos, estaba desempleado, sin amigos, sin novia que podamos identificar en este momento, sin antecedentes penales, sin afiliaci\u00f3n a pandillas tampoco\u00bb, ha se\u00f1alado.<\/p>\n<p>Olivarez ha contado que la primera v\u00edctima de Ramos, su propia abuela a la que dispar\u00f3 antes de irrumpir en la escuela, est\u00e1 viva y que est\u00e1n tratando de localizar a su abuelo y a otros familiares cercanos.<\/p>\n<p><strong>PREPARAR A LOS MAESTROS ANTE ESTOS CASOS<\/strong><\/p>\n<p>Mientras tanto, el fiscal general de Texas, Ken Paxton, ha propuesto que se capacite a los maestros para \u00abdefender\u00bb las escuelas y sus estudiantes ante este tipo de situaciones a trav\u00e9s de un programa impartido por la Polic\u00eda<\/p>\n<p>\u00abDeber\u00eda haber un programa en Texas que permita a los maestros, a los distritos escolares, estar capacitar para ayudar a defender la escuela tambi\u00e9n\u00bb, ha dicho Paxton en una entrevista telef\u00f3nica para la cadena Fox.<\/p>\n<p>\u00abEstamos enviando 40.000 millones a Ucrania, seguramente podemos defender a los ni\u00f1os en nuestras escuelas y traer polic\u00edas capacitados para ayudar a hacer eso\u00bb, ha insistido.<\/p>\n<p>Por su parte, el congresista dem\u00f3crata por Connecticut Chris Murphy ha tomado la palabra en el Senado para \u00abrogar, literalmente\u00bb, a sus colegas republicanos que asuman de una vez la problem\u00e1tica que existe en Estados Unidos con respecto a las armas y les ha pedido que apoyen las leyes \u00abque hagan esto sea menos probable\u00bb.<\/p>\n<p>\u00abEsto solo sucede en este pa\u00eds. En ning\u00fan otro lugar los ni\u00f1os peque\u00f1os van a la escuela pensando que les pueden disparar. En ning\u00fan otro lugar los padres tienen que hablar con sus hijos como yo he tenido que hacerlo sobre por qu\u00e9 quedaron encerrados en un ba\u00f1o y se les dijo que se callaran durante cinco minutos en caso de que un hombre malo entre en el edificio\u00bb, ha expuesto.<\/p>\n<p>Posteriormente ante la prensa ha rechazado el argumento de los republicanos de responsabilizar a \u00abenfermos mentales\u00bb de este tipo de matanzas y ha defendido que no se puede explicar lo que sucede en Estados Unidos bajo este prisma.<\/p>\n<p>\u00abAh\u00f3rrenme esas bobadas sobre las enfermedades mentales. No tenemos m\u00e1s enfermedades mentales que cualquier otro pa\u00eds del mundo. No se puede explicar esto a trav\u00e9s de este prisma porque no somos un caso at\u00edpico. Lo somos en el acceso a armas de fuego y la capacidad de los delincuentes y las personas muy enfermas para conseguirlas. Eso es lo que hace que Estados Unidos sea diferente\u00bb, ha explicado.<\/p>\n<p>&nbsp;<\/p>\n<p>Fuente: EUROPA PRESS<\/p>\n","protected":false},"excerpt":{"rendered":"<p>La Fiscal\u00eda de Texas propone un \u00abprograma de capacitaci\u00f3n\u00bb para <a href=\"https:\/\/sertv.gob.pa\/nacionalfm\/el-tirador-de-la-escuela-de-uvalde-se-atrinchero-con-sus-victimas-antes-de-ejecutarlas\/\"> [&#8230;]<\/a><\/p>\n","protected":false},"author":9,"featured_media":82570,"comment_status":"closed","ping_status":"closed","sticky":false,"template":"","format":"standard","meta":{"footnotes":""},"categories":[3],"tags":[],"class_list":["post-82565","post","type-post","status-publish","format-standard","has-post-thumbnail","hentry","category-internacionales"],"_links":{"self":[{"href":"https:\/\/sertv.gob.pa\/nacionalfm\/wp-json\/wp\/v2\/posts\/82565","targetHints":{"allow":["GET"]}}],"collection":[{"href":"https:\/\/sertv.gob.pa\/nacionalfm\/wp-json\/wp\/v2\/posts"}],"about":[{"href":"https:\/\/sertv.gob.pa\/nacionalfm\/wp-json\/wp\/v2\/types\/post"}],"author":[{"embeddable":true,"href":"https:\/\/sertv.gob.pa\/nacionalfm\/wp-json\/wp\/v2\/users\/9"}],"replies":[{"embeddable":true,"href":"https:\/\/sertv.gob.pa\/nacionalfm\/wp-json\/wp\/v2\/comments?post=82565"}],"version-history":[{"count":1,"href":"https:\/\/sertv.gob.pa\/nacionalfm\/wp-json\/wp\/v2\/posts\/82565\/revisions"}],"predecessor-version":[{"id":82569,"href":"https:\/\/sertv.gob.pa\/nacionalfm\/wp-json\/wp\/v2\/posts\/82565\/revisions\/82569"}],"wp:featuredmedia":[{"embeddable":true,"href":"https:\/\/sertv.gob.pa\/nacionalfm\/wp-json\/wp\/v2\/media\/82570"}],"wp:attachment":[{"href":"https:\/\/sertv.gob.pa\/nacionalfm\/wp-json\/wp\/v2\/media?parent=82565"}],"wp:term":[{"taxonomy":"category","embeddable":true,"href":"https:\/\/sertv.gob.pa\/nacionalfm\/wp-json\/wp\/v2\/categories?post=82565"},{"taxonomy":"post_tag","embeddable":true,"href":"https:\/\/sertv.gob.pa\/nacionalfm\/wp-json\/wp\/v2\/tags?post=82565"}],"curies":[{"name":"wp","href":"https:\/\/api.w.org\/{rel}","templated":true}]}}