{"id":82620,"date":"2022-05-26T17:02:37","date_gmt":"2022-05-26T17:02:37","guid":{"rendered":"https:\/\/sertv.gob.pa\/nacionalfm\/?p=82620"},"modified":"2022-05-26T17:02:37","modified_gmt":"2022-05-26T17:02:37","slug":"un-potente-terremoto-sacude-varias-regiones-del-sur-de-peru","status":"publish","type":"post","link":"https:\/\/sertv.gob.pa\/nacionalfm\/un-potente-terremoto-sacude-varias-regiones-del-sur-de-peru\/","title":{"rendered":"Un potente terremoto sacude varias regiones del sur de Per\u00fa"},"content":{"rendered":"<p><strong><em>MADRID, (EUROPA PRESS) &#8211;<\/em><\/strong><\/p>\n<p>&nbsp;<\/p>\n<p>Varias regiones del sur de Per\u00fa han sufrido este jueves temblores por un potente terremoto de magnitud 6,9 en la escala de Richter, seg\u00fan las primeras estimaciones.<\/p>\n<p>El Centro Sismol\u00f3gico Nacional de Per\u00fa ha situado el epicentro a unos 20 kil\u00f3metros de la localidad de Ayaviri, en Puno. Se habr\u00eda originado a unos 240 kil\u00f3metros de profundidad bajo la superficie terrestre.<\/p>\n<p>El Instituto Geol\u00f3gico de Estados Unidos (USGS) ha elevado la magnitud a 7,2 y ha recortado la profundidad ligeramente, hasta situarla en algo menos de 218 kil\u00f3metros.<\/p>\n<p>Las autoridades peruanas, que han recomendado a la poblaci\u00f3n mantener la calma y tener lista una mochila de emergencia, no ha notificado inmediatamente da\u00f1os personales o materiales como consecuencia de los temblores. Per\u00fa se encuentra en el Cintur\u00f3n de Fuego del Pac\u00edfico, que concentra la amplia mayor\u00eda de la actividad s\u00edsmica en todo el mundo.<\/p>\n<p>&nbsp;<\/p>\n<p>Fuente: EUROPA PRESS<\/p>\n","protected":false},"excerpt":{"rendered":"<p>MADRID, (EUROPA PRESS) &#8211; &nbsp; Varias regiones del sur de <a href=\"https:\/\/sertv.gob.pa\/nacionalfm\/un-potente-terremoto-sacude-varias-regiones-del-sur-de-peru\/\"> [&#8230;]<\/a><\/p>\n","protected":false},"author":9,"featured_media":82621,"comment_status":"closed","ping_status":"closed","sticky":false,"template":"","format":"standard","meta":{"footnotes":""},"categories":[3],"tags":[],"class_list":["post-82620","post","type-post","status-publish","format-standard","has-post-thumbnail","hentry","category-internacionales"],"_links":{"self":[{"href":"https:\/\/sertv.gob.pa\/nacionalfm\/wp-json\/wp\/v2\/posts\/82620","targetHints":{"allow":["GET"]}}],"collection":[{"href":"https:\/\/sertv.gob.pa\/nacionalfm\/wp-json\/wp\/v2\/posts"}],"about":[{"href":"https:\/\/sertv.gob.pa\/nacionalfm\/wp-json\/wp\/v2\/types\/post"}],"author":[{"embeddable":true,"href":"https:\/\/sertv.gob.pa\/nacionalfm\/wp-json\/wp\/v2\/users\/9"}],"replies":[{"embeddable":true,"href":"https:\/\/sertv.gob.pa\/nacionalfm\/wp-json\/wp\/v2\/comments?post=82620"}],"version-history":[{"count":1,"href":"https:\/\/sertv.gob.pa\/nacionalfm\/wp-json\/wp\/v2\/posts\/82620\/revisions"}],"predecessor-version":[{"id":82622,"href":"https:\/\/sertv.gob.pa\/nacionalfm\/wp-json\/wp\/v2\/posts\/82620\/revisions\/82622"}],"wp:featuredmedia":[{"embeddable":true,"href":"https:\/\/sertv.gob.pa\/nacionalfm\/wp-json\/wp\/v2\/media\/82621"}],"wp:attachment":[{"href":"https:\/\/sertv.gob.pa\/nacionalfm\/wp-json\/wp\/v2\/media?parent=82620"}],"wp:term":[{"taxonomy":"category","embeddable":true,"href":"https:\/\/sertv.gob.pa\/nacionalfm\/wp-json\/wp\/v2\/categories?post=82620"},{"taxonomy":"post_tag","embeddable":true,"href":"https:\/\/sertv.gob.pa\/nacionalfm\/wp-json\/wp\/v2\/tags?post=82620"}],"curies":[{"name":"wp","href":"https:\/\/api.w.org\/{rel}","templated":true}]}}