{"id":82623,"date":"2022-05-26T17:28:34","date_gmt":"2022-05-26T17:28:34","guid":{"rendered":"https:\/\/sertv.gob.pa\/nacionalfm\/?p=82623"},"modified":"2022-05-26T17:28:34","modified_gmt":"2022-05-26T17:28:34","slug":"ucrania-asegura-que-recuperara-los-territorios-del-sur-en-cuanto-acumule-las-fuerzas-necesarias","status":"publish","type":"post","link":"https:\/\/sertv.gob.pa\/nacionalfm\/ucrania-asegura-que-recuperara-los-territorios-del-sur-en-cuanto-acumule-las-fuerzas-necesarias\/","title":{"rendered":"Ucrania asegura que recuperar\u00e1 los territorios del sur en cuanto acumule las fuerzas necesarias"},"content":{"rendered":"<p><strong><em>MADRID, (EUROPA PRESS) &#8211;<\/em><\/strong><\/p>\n<p>&nbsp;<\/p>\n<p>El asesor de la Presidencia Ucraniana, Mijailo Podoliak, ha asegurado que las Fuerzas Armadas del pa\u00eds lograr\u00e1n recuperar los territorios del sur ocupados actualmente por Rusia una vez que acumulen las fuerzas armament\u00edsticas necesarias.<\/p>\n<p>\u00abEl Kremlin est\u00e1 lanzando todo lo que tiene a la batalla, pero el tiempo est\u00e1 de nuestro lado. Tan pronto como Rusia se agote y pierda su potencial ofensivo, y Ucrania acumule suficientes fuerzas, el sur de nuestro pa\u00eds ser\u00e1 liberado\u00bb, ha defendido Podoliak en un mensaje en su canal de Telegram.<\/p>\n<p>\u00abToda la maquinaria pol\u00edtica y diplom\u00e1tica est\u00e1 trabajando para asegurar que el Estado reciba suficientes armas para liberar a los ciudadanos en los territorios ocupados\u00bb, ha remarcado el funcionario ucraniano.<\/p>\n<p>As\u00ed, Podoliak ha reconocido que la reconquista \u00abno ser\u00e1 cuesti\u00f3n de un d\u00eda o de un mes\u00bb, pero que tampoco ser\u00e1 dentro de un a\u00f1o. \u00abLa bandera ucraniana ondear\u00e1 de nuevo sobre Jers\u00f3n. No ma\u00f1ana, pero antes de lo que cualquiera pueda imaginar\u00bb, ha asegurado.<\/p>\n<p>Por otro lado, Podoliak ha aprovechado tambi\u00e9n para denunciar las maniobras rusas en estos territorios, donde estar\u00eda llevando a cabo la \u00abcl\u00e1sica operaci\u00f3n psicol\u00f3gica rusa\u00bb de evocar sentimientos de tristeza y resentimiento entre los pobladores de estas zonas en contra de los ucranianos.<\/p>\n<p>El funcionario ucraniano considera que Rusia est\u00e1 intentando sembrar en la ciudadan\u00eda la idea de que las autoridades ucranianas los han abandonado y que las tropas rusas han logrado devolver la paz al lugar.<\/p>\n<p>&nbsp;<\/p>\n<p>Fuente: EUROPA PRESS<\/p>\n","protected":false},"excerpt":{"rendered":"<p>MADRID, (EUROPA PRESS) &#8211; &nbsp; El asesor de la Presidencia <a href=\"https:\/\/sertv.gob.pa\/nacionalfm\/ucrania-asegura-que-recuperara-los-territorios-del-sur-en-cuanto-acumule-las-fuerzas-necesarias\/\"> [&#8230;]<\/a><\/p>\n","protected":false},"author":9,"featured_media":82624,"comment_status":"closed","ping_status":"closed","sticky":false,"template":"","format":"standard","meta":{"footnotes":""},"categories":[3],"tags":[],"class_list":["post-82623","post","type-post","status-publish","format-standard","has-post-thumbnail","hentry","category-internacionales"],"_links":{"self":[{"href":"https:\/\/sertv.gob.pa\/nacionalfm\/wp-json\/wp\/v2\/posts\/82623","targetHints":{"allow":["GET"]}}],"collection":[{"href":"https:\/\/sertv.gob.pa\/nacionalfm\/wp-json\/wp\/v2\/posts"}],"about":[{"href":"https:\/\/sertv.gob.pa\/nacionalfm\/wp-json\/wp\/v2\/types\/post"}],"author":[{"embeddable":true,"href":"https:\/\/sertv.gob.pa\/nacionalfm\/wp-json\/wp\/v2\/users\/9"}],"replies":[{"embeddable":true,"href":"https:\/\/sertv.gob.pa\/nacionalfm\/wp-json\/wp\/v2\/comments?post=82623"}],"version-history":[{"count":1,"href":"https:\/\/sertv.gob.pa\/nacionalfm\/wp-json\/wp\/v2\/posts\/82623\/revisions"}],"predecessor-version":[{"id":82625,"href":"https:\/\/sertv.gob.pa\/nacionalfm\/wp-json\/wp\/v2\/posts\/82623\/revisions\/82625"}],"wp:featuredmedia":[{"embeddable":true,"href":"https:\/\/sertv.gob.pa\/nacionalfm\/wp-json\/wp\/v2\/media\/82624"}],"wp:attachment":[{"href":"https:\/\/sertv.gob.pa\/nacionalfm\/wp-json\/wp\/v2\/media?parent=82623"}],"wp:term":[{"taxonomy":"category","embeddable":true,"href":"https:\/\/sertv.gob.pa\/nacionalfm\/wp-json\/wp\/v2\/categories?post=82623"},{"taxonomy":"post_tag","embeddable":true,"href":"https:\/\/sertv.gob.pa\/nacionalfm\/wp-json\/wp\/v2\/tags?post=82623"}],"curies":[{"name":"wp","href":"https:\/\/api.w.org\/{rel}","templated":true}]}}