{"id":82686,"date":"2022-05-27T18:40:18","date_gmt":"2022-05-27T18:40:18","guid":{"rendered":"https:\/\/sertv.gob.pa\/nacionalfm\/?p=82686"},"modified":"2022-05-27T18:47:42","modified_gmt":"2022-05-27T18:47:42","slug":"las-autoridades-de-texas-reconocen-errores-en-la-operacion-para-neutralizar-al-autor-de-la-masacre-de-uvalde","status":"publish","type":"post","link":"https:\/\/sertv.gob.pa\/nacionalfm\/las-autoridades-de-texas-reconocen-errores-en-la-operacion-para-neutralizar-al-autor-de-la-masacre-de-uvalde\/","title":{"rendered":"Las autoridades de Texas reconocen errores en la operaci\u00f3n para neutralizar al autor de la masacre de Uvalde"},"content":{"rendered":"<p><strong><em>MADRID, (EUROPA PRESS) &#8211;<\/em><\/strong><\/p>\n<p>&nbsp;<\/p>\n<p>El director de Seguridad P\u00fablica de Texas, Steven McCraw, ha reconocido este viernes errores en la operaci\u00f3n policial para responder a la matanza perpetrada en la escuela primaria Robb de Uvalde (Texas) y que cost\u00f3 las vidas de 19 ni\u00f1os de entre 8 y 10 a\u00f1os, as\u00ed como de dos profesores.<\/p>\n<p>McGraw ha explicado que la principal equivocaci\u00f3n residi\u00f3 en interpretar que el autor de los disparos, Salvador Rolando Ramos, hab\u00eda decidido atrincherarse en lugar de, como sucedi\u00f3, abrir fuego indiscriminado &#8212; aproximadamente \u00abun centenar de tiros\u00bb, seg\u00fan el responsable texano &#8212; contra los escolares dentro de una clase.<\/p>\n<p>El mando policial cre\u00eda que \u00abno hab\u00eda ni\u00f1os en peligro, pero estaba claro que no era as\u00ed\u00bb, seg\u00fan McGraw.<\/p>\n<p>\u00abA toro pasado, est\u00e1 claro que no fue la decisi\u00f3n correcta. Fue la decisi\u00f3n equivocada, y punto\u00bb, ha reconocido McCraw, quien ha apuntado como responsable al comandante de la operaci\u00f3n &#8216;in situ&#8217;. El diario &#8216;New York Times&#8217; identifica a este comandante como el jefe de Polic\u00eda de Uvalde, Daniel Rodriguez.<\/p>\n<p>McGraw tambi\u00e9n ha confirmado, como hab\u00eda comenzado a circular en las \u00faltimas horas, que la Polic\u00eda local impidi\u00f3 durante la primera respuesta al tiroteo que un equipo fuertemente armado de la Polic\u00eda de Fronteras irrumpiera en la escuela.<\/p>\n<p>&nbsp;<\/p>\n<p>Fuente: EUROPA PRESS<\/p>\n","protected":false},"excerpt":{"rendered":"<p>MADRID, (EUROPA PRESS) &#8211; &nbsp; El director de Seguridad P\u00fablica <a href=\"https:\/\/sertv.gob.pa\/nacionalfm\/las-autoridades-de-texas-reconocen-errores-en-la-operacion-para-neutralizar-al-autor-de-la-masacre-de-uvalde\/\"> [&#8230;]<\/a><\/p>\n","protected":false},"author":9,"featured_media":82690,"comment_status":"closed","ping_status":"closed","sticky":false,"template":"","format":"standard","meta":{"footnotes":""},"categories":[3],"tags":[],"class_list":["post-82686","post","type-post","status-publish","format-standard","has-post-thumbnail","hentry","category-internacionales"],"_links":{"self":[{"href":"https:\/\/sertv.gob.pa\/nacionalfm\/wp-json\/wp\/v2\/posts\/82686","targetHints":{"allow":["GET"]}}],"collection":[{"href":"https:\/\/sertv.gob.pa\/nacionalfm\/wp-json\/wp\/v2\/posts"}],"about":[{"href":"https:\/\/sertv.gob.pa\/nacionalfm\/wp-json\/wp\/v2\/types\/post"}],"author":[{"embeddable":true,"href":"https:\/\/sertv.gob.pa\/nacionalfm\/wp-json\/wp\/v2\/users\/9"}],"replies":[{"embeddable":true,"href":"https:\/\/sertv.gob.pa\/nacionalfm\/wp-json\/wp\/v2\/comments?post=82686"}],"version-history":[{"count":1,"href":"https:\/\/sertv.gob.pa\/nacionalfm\/wp-json\/wp\/v2\/posts\/82686\/revisions"}],"predecessor-version":[{"id":82689,"href":"https:\/\/sertv.gob.pa\/nacionalfm\/wp-json\/wp\/v2\/posts\/82686\/revisions\/82689"}],"wp:featuredmedia":[{"embeddable":true,"href":"https:\/\/sertv.gob.pa\/nacionalfm\/wp-json\/wp\/v2\/media\/82690"}],"wp:attachment":[{"href":"https:\/\/sertv.gob.pa\/nacionalfm\/wp-json\/wp\/v2\/media?parent=82686"}],"wp:term":[{"taxonomy":"category","embeddable":true,"href":"https:\/\/sertv.gob.pa\/nacionalfm\/wp-json\/wp\/v2\/categories?post=82686"},{"taxonomy":"post_tag","embeddable":true,"href":"https:\/\/sertv.gob.pa\/nacionalfm\/wp-json\/wp\/v2\/tags?post=82686"}],"curies":[{"name":"wp","href":"https:\/\/api.w.org\/{rel}","templated":true}]}}