{"id":82809,"date":"2022-05-31T18:50:09","date_gmt":"2022-05-31T18:50:09","guid":{"rendered":"https:\/\/sertv.gob.pa\/nacionalfm\/?p=82809"},"modified":"2022-05-31T18:50:09","modified_gmt":"2022-05-31T18:50:09","slug":"el-parlamento-de-ucrania-aprueba-la-destitucion-de-la-comisionada-de-derechos-humanos","status":"publish","type":"post","link":"https:\/\/sertv.gob.pa\/nacionalfm\/el-parlamento-de-ucrania-aprueba-la-destitucion-de-la-comisionada-de-derechos-humanos\/","title":{"rendered":"El Parlamento de Ucrania aprueba la destituci\u00f3n de la comisionada de Derechos Humanos"},"content":{"rendered":"<p><strong><em>MADRID, (EUROPA PRESS) &#8211;<\/em><\/strong><\/p>\n<p>&nbsp;<\/p>\n<p>El Parlamento de Ucrania ha aprobado este martes la destituci\u00f3n de la comisaria de Derechos Humanos, Liudmila Denisova, debido a la imposibilidad de implementar corredores humanitarios y lograr intercambios de prisioneros con Rusia.<\/p>\n<p>As\u00ed lo ha detallado Pavel Frolov, miembro del Comit\u00e9 Permanente del Parlamento y diputado de la formaci\u00f3n oficialista Servidor del Pueblo, quien, adem\u00e1s, ha se\u00f1alado que la labor de Denisova ha sido defectuosa a la hora de investigar posibles violaciones sexuales en los territorios ucranianos ocupados por Rusia.<\/p>\n<p>Adem\u00e1s, Frolov ha criticado que, tras la invasi\u00f3n rusa del 24 de febrero, la ya excomisaria de Derechos Humanos ucraniana ha pasado largas temporadas fuera del territorio nacional sin tener agendadas visitas ni reuniones de trabajo, seg\u00fan ha recogido la agencia ucraniana de noticias Ukrinform.<\/p>\n<p>M\u00e1s tarde, Denisova ha anunciado en su p\u00e1gina de la red social Facebook que recurrir\u00e1 su destituci\u00f3n aludiendo a que esta se ha dado \u00aben contra de la Constituci\u00f3n, las leyes de Ucrania y las normas internacionales\u00bb.<\/p>\n<p>\u00abApelar\u00e9 esta decisi\u00f3n en la corte. La ley es la misma para todos. No parar\u00e9. Seguir\u00e9 defendiendo a Ucrania y los derechos de nuestros ciudadanos\u00bb, ha zanjado Denisova.<\/p>\n<p>&nbsp;<\/p>\n<p>Fuente: EUROPA PRESS<\/p>\n<p>&nbsp;<\/p>\n","protected":false},"excerpt":{"rendered":"<p>MADRID, (EUROPA PRESS) &#8211; &nbsp; El Parlamento de Ucrania ha <a href=\"https:\/\/sertv.gob.pa\/nacionalfm\/el-parlamento-de-ucrania-aprueba-la-destitucion-de-la-comisionada-de-derechos-humanos\/\"> [&#8230;]<\/a><\/p>\n","protected":false},"author":9,"featured_media":82810,"comment_status":"closed","ping_status":"closed","sticky":false,"template":"","format":"standard","meta":{"footnotes":""},"categories":[3],"tags":[],"class_list":["post-82809","post","type-post","status-publish","format-standard","has-post-thumbnail","hentry","category-internacionales"],"_links":{"self":[{"href":"https:\/\/sertv.gob.pa\/nacionalfm\/wp-json\/wp\/v2\/posts\/82809","targetHints":{"allow":["GET"]}}],"collection":[{"href":"https:\/\/sertv.gob.pa\/nacionalfm\/wp-json\/wp\/v2\/posts"}],"about":[{"href":"https:\/\/sertv.gob.pa\/nacionalfm\/wp-json\/wp\/v2\/types\/post"}],"author":[{"embeddable":true,"href":"https:\/\/sertv.gob.pa\/nacionalfm\/wp-json\/wp\/v2\/users\/9"}],"replies":[{"embeddable":true,"href":"https:\/\/sertv.gob.pa\/nacionalfm\/wp-json\/wp\/v2\/comments?post=82809"}],"version-history":[{"count":1,"href":"https:\/\/sertv.gob.pa\/nacionalfm\/wp-json\/wp\/v2\/posts\/82809\/revisions"}],"predecessor-version":[{"id":82811,"href":"https:\/\/sertv.gob.pa\/nacionalfm\/wp-json\/wp\/v2\/posts\/82809\/revisions\/82811"}],"wp:featuredmedia":[{"embeddable":true,"href":"https:\/\/sertv.gob.pa\/nacionalfm\/wp-json\/wp\/v2\/media\/82810"}],"wp:attachment":[{"href":"https:\/\/sertv.gob.pa\/nacionalfm\/wp-json\/wp\/v2\/media?parent=82809"}],"wp:term":[{"taxonomy":"category","embeddable":true,"href":"https:\/\/sertv.gob.pa\/nacionalfm\/wp-json\/wp\/v2\/categories?post=82809"},{"taxonomy":"post_tag","embeddable":true,"href":"https:\/\/sertv.gob.pa\/nacionalfm\/wp-json\/wp\/v2\/tags?post=82809"}],"curies":[{"name":"wp","href":"https:\/\/api.w.org\/{rel}","templated":true}]}}