{"id":82864,"date":"2022-06-01T18:54:51","date_gmt":"2022-06-01T18:54:51","guid":{"rendered":"https:\/\/sertv.gob.pa\/nacionalfm\/?p=82864"},"modified":"2022-06-01T18:54:51","modified_gmt":"2022-06-01T18:54:51","slug":"condenan-en-eeuu-a-25-anos-de-carcel-a-un-hombre-que-apunalo-a-un-agente-del-fbi-en-nombre-de-estado-islamico","status":"publish","type":"post","link":"https:\/\/sertv.gob.pa\/nacionalfm\/condenan-en-eeuu-a-25-anos-de-carcel-a-un-hombre-que-apunalo-a-un-agente-del-fbi-en-nombre-de-estado-islamico\/","title":{"rendered":"Condenan en EEUU a 25 a\u00f1os de c\u00e1rcel a un hombre que apu\u00f1al\u00f3 a un agente del FBI en nombre de Estado Isl\u00e1mico"},"content":{"rendered":"<p><strong><em>MADRID, (EUROPA PRESS) &#8211;<\/em><\/strong><\/p>\n<p>&nbsp;<\/p>\n<p>Una juez federal de Estados Unidos ha decretado 25 a\u00f1os de prisi\u00f3n a Fareed Mumuni por apu\u00f1alar a un agente del FBI en nombre de Estado Isl\u00e1mico, despu\u00e9s de que la acusaci\u00f3n solicitara reconsiderar la condena previa de 17 al considerar que era \u00absorprendentemente baja\u00bb.<\/p>\n<p>El ataque se produjo el 25 de julio de 2015 cuando un grupo de agentes del FBI llevaba a cabo una orden de registro en el domicilio del acusado en Staten Island (Nueva York) tras descubrir sus intenciones de viajar a Siria y unirse a Estado Isl\u00e1mico, detalla la agencia Courthouse News Service.<\/p>\n<p>Despu\u00e9s del ataque Mumuni se declar\u00f3 culpable en 2018 de intento de asesinato, asalto con un arma mortal y conspiraci\u00f3n para apoyar a un grupo terrorista. El arrepentimiento y la confesi\u00f3n propici\u00f3 que la juez Margo Brodie &#8211;la misma que ha ampliado ahora la condena&#8211; impusiera una pena de 17 a\u00f1os.<\/p>\n<p>No obstante, los 25 a\u00f1os quedan lejos de los 85 que ped\u00eda la acusaci\u00f3n, que considera el ataque de Mumuni como \u00abindiscutiblemente un intento premeditado, voluntario y deliberado de asesinar a un oficial federal en nombre de Estado Isl\u00e1mico\u00bb y por tanto un \u00abatentado terrorista\u00bb.<\/p>\n<p>Brodie ha tenido en cuenta los cursos y la licenciatura en sociolog\u00eda que el acusado ha estado estudiando desde que fue encarcelado, con el objetivo de \u00abayudar a otros a evitar cometer los mismos errores\u00bb, tal y como ha parafraseado.<\/p>\n<p>Durante el juicio el acusado ha asegurado que supo \u00abde inmediato\u00bb que lo que hizo \u00abfue una locura\u00bb, y que \u00abestuvo mal\u00bb. \u00abNo estoy poniendo excusas por nada de lo que he hecho. Estoy pidiendo el perd\u00f3n de todos\u00bb. Por su parte, la v\u00edctima, el agente Kevin Coughlin, se\u00f1al\u00f3 que sin duda Mumuni trat\u00f3 de matarle.<\/p>\n<p>&nbsp;<\/p>\n<p>Fuente: EUROPA PRESS<\/p>\n","protected":false},"excerpt":{"rendered":"<p>MADRID, (EUROPA PRESS) &#8211; &nbsp; Una juez federal de Estados <a href=\"https:\/\/sertv.gob.pa\/nacionalfm\/condenan-en-eeuu-a-25-anos-de-carcel-a-un-hombre-que-apunalo-a-un-agente-del-fbi-en-nombre-de-estado-islamico\/\"> [&#8230;]<\/a><\/p>\n","protected":false},"author":9,"featured_media":82865,"comment_status":"closed","ping_status":"closed","sticky":false,"template":"","format":"standard","meta":{"footnotes":""},"categories":[3],"tags":[],"class_list":["post-82864","post","type-post","status-publish","format-standard","has-post-thumbnail","hentry","category-internacionales"],"_links":{"self":[{"href":"https:\/\/sertv.gob.pa\/nacionalfm\/wp-json\/wp\/v2\/posts\/82864","targetHints":{"allow":["GET"]}}],"collection":[{"href":"https:\/\/sertv.gob.pa\/nacionalfm\/wp-json\/wp\/v2\/posts"}],"about":[{"href":"https:\/\/sertv.gob.pa\/nacionalfm\/wp-json\/wp\/v2\/types\/post"}],"author":[{"embeddable":true,"href":"https:\/\/sertv.gob.pa\/nacionalfm\/wp-json\/wp\/v2\/users\/9"}],"replies":[{"embeddable":true,"href":"https:\/\/sertv.gob.pa\/nacionalfm\/wp-json\/wp\/v2\/comments?post=82864"}],"version-history":[{"count":1,"href":"https:\/\/sertv.gob.pa\/nacionalfm\/wp-json\/wp\/v2\/posts\/82864\/revisions"}],"predecessor-version":[{"id":82866,"href":"https:\/\/sertv.gob.pa\/nacionalfm\/wp-json\/wp\/v2\/posts\/82864\/revisions\/82866"}],"wp:featuredmedia":[{"embeddable":true,"href":"https:\/\/sertv.gob.pa\/nacionalfm\/wp-json\/wp\/v2\/media\/82865"}],"wp:attachment":[{"href":"https:\/\/sertv.gob.pa\/nacionalfm\/wp-json\/wp\/v2\/media?parent=82864"}],"wp:term":[{"taxonomy":"category","embeddable":true,"href":"https:\/\/sertv.gob.pa\/nacionalfm\/wp-json\/wp\/v2\/categories?post=82864"},{"taxonomy":"post_tag","embeddable":true,"href":"https:\/\/sertv.gob.pa\/nacionalfm\/wp-json\/wp\/v2\/tags?post=82864"}],"curies":[{"name":"wp","href":"https:\/\/api.w.org\/{rel}","templated":true}]}}