{"id":82896,"date":"2022-06-02T14:43:51","date_gmt":"2022-06-02T14:43:51","guid":{"rendered":"https:\/\/sertv.gob.pa\/nacionalfm\/?p=82896"},"modified":"2022-06-02T14:43:51","modified_gmt":"2022-06-02T14:43:51","slug":"federico-alfaro-boyd-asume-como-ministro-de-comercio-e-industrias","status":"publish","type":"post","link":"https:\/\/sertv.gob.pa\/nacionalfm\/federico-alfaro-boyd-asume-como-ministro-de-comercio-e-industrias\/","title":{"rendered":"Federico Alfaro Boyd asume como ministro de Comercio e Industrias"},"content":{"rendered":"<ul>\n<li>Es licenciado en Derecho y Ciencias Pol\u00edticas egresado de la Columbus University.<\/li>\n<li>Ocup\u00f3 el cargo de presidente de la Junta Directiva del Aeropuerto Internacional de Tocumen S.A.<\/li>\n<\/ul>\n<p>&nbsp;<\/p>\n<p>Federico Alfaro Boyd tom\u00f3 posesi\u00f3n de su cargo como ministro de Comercio e Industrias ante el presidente de la Rep\u00fablica de Panam\u00e1, Laurentino Cortizo Cohen, y el vicepresidente de la Rep\u00fablica y ministro de la Presidencia, Jos\u00e9 Gabriel Carrizo Ja\u00e9n.<\/p>\n<p>El acto de toma de posesi\u00f3n, se llev\u00f3 a cabo en el Sal\u00f3n Amarillo del Palacio Presidencial, en donde Alfaro Boyd, se acogi\u00f3 a los principios del \u201cBuen Gobierno\u201d como gu\u00eda de sus actos en el desempe\u00f1o de sus deberes como servidor p\u00fablico.<\/p>\n<p>De igual forma, Alfaro Boyd, adquiri\u00f3 el compromiso de servir a la sociedad paname\u00f1a en consistencia con la \u00e9tica, la moral y la verdad.\u00a0 Asumi\u00f3 el deber de realizar una gesti\u00f3n con eficacia, eficiencia, transparencia y con responsabilidad institucional.\u00a0 Acto seguido, el ministro de Comercio e Industrias, firm\u00f3 el decreto ejecutivo para tomar posesi\u00f3n del cargo.<\/p>\n<p>Alfaro Boyd, es licenciado en Derecho y Ciencias Pol\u00edticas por la Columbus University y tiene un doctorado en Derecho de la Universidad Loyola de Nueva Orleans.<\/p>\n<p>Ejerci\u00f3 como presidente de la Junta Directiva del Aeropuerto Internacional de Tocumen S.A. (2021-2022) y fue vicecanciller de Panam\u00e1 (2019-2020).<\/p>\n<p>&nbsp;<\/p>\n<p><strong>TOMA DE POSESI\u00d3N DE EMBAJADOR DE PANAM\u00c1 EN EE.\u00a0 UU.<\/strong><\/p>\n<p>En este mismo acto, Ram\u00f3n Mart\u00ednez, tom\u00f3 posesi\u00f3n como embajador de Panam\u00e1 en Estados Unidos, en presencia del presidente, Cortizo Cohen y del vicepresidente, Carrizo Ja\u00e9n.<\/p>\n<p>Mart\u00ednez de la Guardia, recibi\u00f3 el benepl\u00e1cito del Gobierno de Estados Unidos, para desempe\u00f1arse como diplom\u00e1tico paname\u00f1o en este pa\u00eds.<\/p>\n<p>El diplom\u00e1tico, es licenciado en Derecho y Ciencias Pol\u00edticas egresado de la Universidad Santa Mar\u00eda la Antigua (USMA).\u00a0 Posee una maestr\u00eda en Derecho Corporativo de la University of Minnesota Law School y una maestr\u00eda en Administraci\u00f3n de Empresas de ADEN Business School y EUNCET Business School de Barcelona.<\/p>\n<p>Hasta este a\u00f1o, ejerci\u00f3 como ministro de Comercio e Industrias, cargo en el que promovi\u00f3 el desarrollo de la industria y el comercio local e internacional, atrayendo inversiones para el desarrollo econ\u00f3mico.<\/p>\n<p>Acompa\u00f1aron al presidente Cortizo Cohen y al vicepresidente Carrizo Ja\u00e9n, la ministra de Relaciones Exteriores, Erika Mouynes, y el ministro consejero de Facilitaci\u00f3n de la Inversi\u00f3n Privada, Jos\u00e9 Alejandro Rojas.<\/p>\n<p>Asistieron al acto de toma de posesi\u00f3n: los familiares de Federico Alfaro Boyd:\u00a0Yvonne Danello Delvalle, Patricia Boyd (madre), Yvonne Cardoze de Alfaro (esposa), Sarah Alfaro (hija), Ivonne Alfaro (hija) y Julio Spiegel.\u00a0 Tambi\u00e9n participaron en el evento los familiares de Ram\u00f3n Mart\u00ednez de la Guardia: Mar\u00eda Alejandra Cargiulo de Mart\u00ednez, Santiago Mart\u00ednez Cargiulo, Ram\u00f3n Mart\u00ednez Cargiulo, Ram\u00f3n Mart\u00ednez Stagg, Vilma de Mart\u00ednez, Pascual Cargiulo e Itzela de Cargiulo.<\/p>\n<p>&nbsp;<\/p>\n<p>Fuente: Presidencia de la Rep\u00fablica de Panam\u00e1<\/p>\n","protected":false},"excerpt":{"rendered":"<p>Es licenciado en Derecho y Ciencias Pol\u00edticas egresado de la <a href=\"https:\/\/sertv.gob.pa\/nacionalfm\/federico-alfaro-boyd-asume-como-ministro-de-comercio-e-industrias\/\"> [&#8230;]<\/a><\/p>\n","protected":false},"author":9,"featured_media":82897,"comment_status":"closed","ping_status":"closed","sticky":false,"template":"","format":"standard","meta":{"footnotes":""},"categories":[2],"tags":[],"class_list":["post-82896","post","type-post","status-publish","format-standard","has-post-thumbnail","hentry","category-nacionales"],"_links":{"self":[{"href":"https:\/\/sertv.gob.pa\/nacionalfm\/wp-json\/wp\/v2\/posts\/82896","targetHints":{"allow":["GET"]}}],"collection":[{"href":"https:\/\/sertv.gob.pa\/nacionalfm\/wp-json\/wp\/v2\/posts"}],"about":[{"href":"https:\/\/sertv.gob.pa\/nacionalfm\/wp-json\/wp\/v2\/types\/post"}],"author":[{"embeddable":true,"href":"https:\/\/sertv.gob.pa\/nacionalfm\/wp-json\/wp\/v2\/users\/9"}],"replies":[{"embeddable":true,"href":"https:\/\/sertv.gob.pa\/nacionalfm\/wp-json\/wp\/v2\/comments?post=82896"}],"version-history":[{"count":1,"href":"https:\/\/sertv.gob.pa\/nacionalfm\/wp-json\/wp\/v2\/posts\/82896\/revisions"}],"predecessor-version":[{"id":82902,"href":"https:\/\/sertv.gob.pa\/nacionalfm\/wp-json\/wp\/v2\/posts\/82896\/revisions\/82902"}],"wp:featuredmedia":[{"embeddable":true,"href":"https:\/\/sertv.gob.pa\/nacionalfm\/wp-json\/wp\/v2\/media\/82897"}],"wp:attachment":[{"href":"https:\/\/sertv.gob.pa\/nacionalfm\/wp-json\/wp\/v2\/media?parent=82896"}],"wp:term":[{"taxonomy":"category","embeddable":true,"href":"https:\/\/sertv.gob.pa\/nacionalfm\/wp-json\/wp\/v2\/categories?post=82896"},{"taxonomy":"post_tag","embeddable":true,"href":"https:\/\/sertv.gob.pa\/nacionalfm\/wp-json\/wp\/v2\/tags?post=82896"}],"curies":[{"name":"wp","href":"https:\/\/api.w.org\/{rel}","templated":true}]}}