{"id":82915,"date":"2022-06-02T17:50:49","date_gmt":"2022-06-02T17:50:49","guid":{"rendered":"https:\/\/sertv.gob.pa\/nacionalfm\/?p=82915"},"modified":"2022-06-02T17:50:49","modified_gmt":"2022-06-02T17:50:49","slug":"al-menos-dos-muertos-y-mas-de-50-heridos-en-un-incendio-en-una-residencia-de-ancianos-en-republica-checa","status":"publish","type":"post","link":"https:\/\/sertv.gob.pa\/nacionalfm\/al-menos-dos-muertos-y-mas-de-50-heridos-en-un-incendio-en-una-residencia-de-ancianos-en-republica-checa\/","title":{"rendered":"Al menos dos muertos y m\u00e1s de 50 heridos en un incendio en una residencia de ancianos en Rep\u00fablica Checa"},"content":{"rendered":"<p><strong><em>MADRID, (EUROPA PRESS) &#8211;<\/em><\/strong><\/p>\n<p>&nbsp;<\/p>\n<p>Al menos dos muertos y 55 personas han resultado heridas debido a un incendio, de origen desconocido, que se inici\u00f3 en la tarde del mi\u00e9rcoles en una residencia de ancianos para pacientes con demencia en la localidad de Roztoky, al norte de la capital de Rep\u00fablica Checa, Praga.<\/p>\n<p>De los heridos, 51 presentan heridas leves, una persona tiene heridas graves y dos se encuentran en estado cr\u00edtico, seg\u00fan informaron los Servicios M\u00e9dicos de Emergencia de la Regi\u00f3n Central en su cuenta de Twitter. Las v\u00edctimas fueron enviadas al Hospital Regional de Kladno, ciudad cercana al lugar de los hechos.<\/p>\n<p>Jan Jakob, el alcalde de la ciudad, ha calificado el incidente de \u00abgran cat\u00e1strofe\u00bb. Asimismo, ha agradecido la intervenci\u00f3n de los equipos de rescate en su cuenta de la red social Twitter: \u00abGracias a su perfecta intervenci\u00f3n profesional, lograron sacar a todos del centro de Alzheimer en llamas en Roztoky y ahora est\u00e1n en hospitales. Tal vez todo el mundo estar\u00e1 bien. Eso es lo m\u00e1s importante.\u00bb<\/p>\n<p>&nbsp;<\/p>\n<p>Fuente: EUROPA PRESS<\/p>\n<p>&nbsp;<\/p>\n","protected":false},"excerpt":{"rendered":"<p>MADRID, (EUROPA PRESS) &#8211; &nbsp; Al menos dos muertos y <a href=\"https:\/\/sertv.gob.pa\/nacionalfm\/al-menos-dos-muertos-y-mas-de-50-heridos-en-un-incendio-en-una-residencia-de-ancianos-en-republica-checa\/\"> [&#8230;]<\/a><\/p>\n","protected":false},"author":9,"featured_media":82916,"comment_status":"closed","ping_status":"closed","sticky":false,"template":"","format":"standard","meta":{"footnotes":""},"categories":[3],"tags":[],"class_list":["post-82915","post","type-post","status-publish","format-standard","has-post-thumbnail","hentry","category-internacionales"],"_links":{"self":[{"href":"https:\/\/sertv.gob.pa\/nacionalfm\/wp-json\/wp\/v2\/posts\/82915","targetHints":{"allow":["GET"]}}],"collection":[{"href":"https:\/\/sertv.gob.pa\/nacionalfm\/wp-json\/wp\/v2\/posts"}],"about":[{"href":"https:\/\/sertv.gob.pa\/nacionalfm\/wp-json\/wp\/v2\/types\/post"}],"author":[{"embeddable":true,"href":"https:\/\/sertv.gob.pa\/nacionalfm\/wp-json\/wp\/v2\/users\/9"}],"replies":[{"embeddable":true,"href":"https:\/\/sertv.gob.pa\/nacionalfm\/wp-json\/wp\/v2\/comments?post=82915"}],"version-history":[{"count":1,"href":"https:\/\/sertv.gob.pa\/nacionalfm\/wp-json\/wp\/v2\/posts\/82915\/revisions"}],"predecessor-version":[{"id":82917,"href":"https:\/\/sertv.gob.pa\/nacionalfm\/wp-json\/wp\/v2\/posts\/82915\/revisions\/82917"}],"wp:featuredmedia":[{"embeddable":true,"href":"https:\/\/sertv.gob.pa\/nacionalfm\/wp-json\/wp\/v2\/media\/82916"}],"wp:attachment":[{"href":"https:\/\/sertv.gob.pa\/nacionalfm\/wp-json\/wp\/v2\/media?parent=82915"}],"wp:term":[{"taxonomy":"category","embeddable":true,"href":"https:\/\/sertv.gob.pa\/nacionalfm\/wp-json\/wp\/v2\/categories?post=82915"},{"taxonomy":"post_tag","embeddable":true,"href":"https:\/\/sertv.gob.pa\/nacionalfm\/wp-json\/wp\/v2\/tags?post=82915"}],"curies":[{"name":"wp","href":"https:\/\/api.w.org\/{rel}","templated":true}]}}